{"id":10614,"date":"2021-03-16T01:36:41","date_gmt":"2021-03-16T04:36:41","guid":{"rendered":"https:\/\/hostnetart.com.br\/baixada\/contraf-cut-pede-inclusao-dos-bancarios-no-plano-nacional-de-imunizacao-pni\/"},"modified":"2021-03-16T01:36:41","modified_gmt":"2021-03-16T04:36:41","slug":"contraf-cut-pede-inclusao-dos-bancarios-no-plano-nacional-de-imunizacao-pni","status":"publish","type":"post","link":"https:\/\/hostnetart.com.br\/baixada\/contraf-cut-pede-inclusao-dos-bancarios-no-plano-nacional-de-imunizacao-pni\/","title":{"rendered":"Contraf-CUT pede inclus\u00e3o dos banc\u00e1rios no Plano Nacional de Imuniza\u00e7\u00e3o (PNI)"},"content":{"rendered":"<p>A Confedera\u00e7\u00e3o Nacional dos Trabalhadores do Ramo Financeiro (Contraf-CUT), da qual o Sindicato dos Banc\u00e1rios da Baixada Fluminense faz parte, solicitou ao Minist\u00e9rio da Sa\u00fade a inclus\u00e3o da categoria banc\u00e1ria no Plano Nacional de Imuniza\u00e7\u00e3o (PNI) contra a Covid-19.<\/p>\n<p>Esta \u00e9 uma das a\u00e7\u00f5es definidas no\u00a0<a href=\"https:\/\/contrafcut.com.br\/noticias\/vacina-ja-para-todos-e-a-prioridade-para-o-coletivo-de-saude-da-contraf-cut\/\" target=\"_blank\" rel=\"noopener noreferrer\">planejamento do Coletivo de Sa\u00fade Contraf-CUT<\/a>\u00a0e ganhou apoio da Federa\u00e7\u00e3o Nacional dos Bancos (Fenaban), na \u00faltima reuni\u00e3o,<a href=\"https:\/\/contrafcut.com.br\/noticias\/fenaban-frustra-bancarios-e-nao-avanca-na-protecao-da-categoria-contra-pandemia\/\" target=\"_blank\" rel=\"noopener noreferrer\">\u00a0realizada na semana passada, que se comprometeu a refor\u00e7ar o pedido<\/a>.<\/p>\n<p>\u201cA atividade banc\u00e1ria \u00e9 considerada essencial desde o in\u00edcio da pandemia. Ou seja, este tempo todo a categoria banc\u00e1ria correu risco \u00e0 sa\u00fade para atender toda a sociedade. Eles merecem ter essa prioridade. Mas, \u00e9 fundamental lembrar, que nossa luta \u00e9 pela vacina para todos\u201d, declarou Mauro Salles, secret\u00e1rio de Sa\u00fade da Contraf-CUT. \u201cCabe destacar que a execu\u00e7\u00e3o das pol\u00edticas p\u00fablicas de car\u00e1ter social passa, invariavelmente, pelo atendimento banc\u00e1rio. Desta forma, considerando o cen\u00e1rio, a categoria banc\u00e1ria tem passado por momentos de forte apreens\u00e3o ao prestar o servi\u00e7o de atendimento a toda a popula\u00e7\u00e3o, por\u00e9m, receosos pela preserva\u00e7\u00e3o de sua sa\u00fade e de seus entes familiares pr\u00f3ximos\u201d, completou<\/p>\n<p>O texto do of\u00edcio explica que a tipifica\u00e7\u00e3o da categoria banc\u00e1ria dentre aquelas listas no escopo das consideradas essenciais e priorit\u00e1rias deve se estender ao Plano Nacional de Imuniza\u00e7\u00e3o \u2013 PNI contra a COVID-19. \u201cN\u00e3o raras s\u00e3o as situa\u00e7\u00f5es em que contingentes de clientes, usu\u00e1rios dos servi\u00e7os banc\u00e1rios e benefici\u00e1rios das pol\u00edticas p\u00fablicas buscam atendimento nas ag\u00eancias banc\u00e1rias e propiciam aglomera\u00e7\u00f5es, como demonstrado nas imagens anexas a este of\u00edcio\u201d, diz um trecho do documento.<\/p>\n<p>A reivindica\u00e7\u00e3o pede ainda que, al\u00e9m da inclus\u00e3o da categoria banc\u00e1ria no PNI contra a COVID-19, devem considerar o escalonamento de hor\u00e1rios de atendimento ao p\u00fablico, o que levar\u00e1 \u00e0 redu\u00e7\u00e3o das aglomera\u00e7\u00f5es nas ag\u00eancias banc\u00e1rias, levando em conta, ainda, a necessidade de regramento do atendimento com distanciamento social e disponibiliza\u00e7\u00e3o de equipamentos de prote\u00e7\u00e3o individual aos trabalhadores. \u201cAs proposi\u00e7\u00f5es foram levadas ao conhecimento da presid\u00eancia do Banco Central do Brasil (BCB) e aos representantes das institui\u00e7\u00f5es financeiras na Federa\u00e7\u00e3o Nacional dos Bancos (Fenaban)\u201d, aponta o texto.<\/p>\n<p>Mauro Salles lembra ainda que cotidianamente s\u00e3o relatados casos de fechamento de ag\u00eancias banc\u00e1rias para realiza\u00e7\u00e3o de processos de sanitiza\u00e7\u00e3o, quando constatada a contamina\u00e7\u00e3o pelo novo coronav\u00edrus naquele ambiente. \u201cO n\u00famero de banc\u00e1rios contaminados, internados em unidades hospitalares e falecidos \u00e9 crescente\u201d, lamenta.<\/p>\n<p>Fonte: Contraf-CUT<\/p>\n","protected":false},"excerpt":{"rendered":"<p>A Confedera\u00e7\u00e3o Nacional dos Trabalhadores do Ramo Financeiro (Contraf-CUT), da qual o Sindicato dos Banc\u00e1rios da Baixada Fluminense faz parte, solicitou ao Minist\u00e9rio da Sa\u00fade a inclus\u00e3o da categoria banc\u00e1ria no Plano Nacional de Imuniza\u00e7\u00e3o (PNI) contra a Covid-19. Esta \u00e9 uma das a\u00e7\u00f5es definidas no\u00a0planejamento do Coletivo de Sa\u00fade Contraf-CUT\u00a0e ganhou apoio da Federa\u00e7\u00e3o [&hellip;]<\/p>\n","protected":false},"author":2,"featured_media":10613,"comment_status":"","ping_status":"","sticky":false,"template":"","format":"standard","meta":{"footnotes":""},"categories":[3],"tags":[],"class_list":["post-10614","post","type-post","status-publish","format-standard","has-post-thumbnail","hentry","category-noticias"],"_links":{"self":[{"href":"https:\/\/hostnetart.com.br\/baixada\/wp-json\/wp\/v2\/posts\/10614","targetHints":{"allow":["GET"]}}],"collection":[{"href":"https:\/\/hostnetart.com.br\/baixada\/wp-json\/wp\/v2\/posts"}],"about":[{"href":"https:\/\/hostnetart.com.br\/baixada\/wp-json\/wp\/v2\/types\/post"}],"author":[{"embeddable":true,"href":"https:\/\/hostnetart.com.br\/baixada\/wp-json\/wp\/v2\/users\/2"}],"replies":[{"embeddable":true,"href":"https:\/\/hostnetart.com.br\/baixada\/wp-json\/wp\/v2\/comments?post=10614"}],"version-history":[{"count":0,"href":"https:\/\/hostnetart.com.br\/baixada\/wp-json\/wp\/v2\/posts\/10614\/revisions"}],"wp:featuredmedia":[{"embeddable":true,"href":"https:\/\/hostnetart.com.br\/baixada\/wp-json\/wp\/v2\/media\/10613"}],"wp:attachment":[{"href":"https:\/\/hostnetart.com.br\/baixada\/wp-json\/wp\/v2\/media?parent=10614"}],"wp:term":[{"taxonomy":"category","embeddable":true,"href":"https:\/\/hostnetart.com.br\/baixada\/wp-json\/wp\/v2\/categories?post=10614"},{"taxonomy":"post_tag","embeddable":true,"href":"https:\/\/hostnetart.com.br\/baixada\/wp-json\/wp\/v2\/tags?post=10614"}],"curies":[{"name":"wp","href":"https:\/\/api.w.org\/{rel}","templated":true}]}}