{"id":10612,"date":"2021-03-15T03:57:35","date_gmt":"2021-03-15T06:57:35","guid":{"rendered":"https:\/\/hostnetart.com.br\/baixada\/mesa-de-igualdade-de-oportunidades-debate-reivindicacoes-das-mulheres\/"},"modified":"2021-03-15T03:57:35","modified_gmt":"2021-03-15T06:57:35","slug":"mesa-de-igualdade-de-oportunidades-debate-reivindicacoes-das-mulheres","status":"publish","type":"post","link":"https:\/\/hostnetart.com.br\/baixada\/mesa-de-igualdade-de-oportunidades-debate-reivindicacoes-das-mulheres\/","title":{"rendered":"Mesa de Igualdade de Oportunidades debate reivindica\u00e7\u00f5es das mulheres"},"content":{"rendered":"<p>Ser\u00e1 na segunda-feira (15) a mesa bipartite tem\u00e1tica de Igualdade de Oportunidades com a Federa\u00e7\u00e3o Nacional dos Bancos (Fenaban). Participam os representantes da Comiss\u00e3o de G\u00eanero, Ra\u00e7a, Orienta\u00e7\u00e3o Sexual e Trabalhadores e Trabalhadoras com Defici\u00eancia (CGROS) e do Coletivo de Mulheres da Confedera\u00e7\u00e3o Nacional dos Trabalhadores do Ramo Financeiro (Contraf-CUT). O tema do encontro ser\u00e3o quest\u00f5es relativas \u00e0s mulheres.<\/p>\n<p>\u201cVamos ver com os bancos como est\u00e3o algumas conquistas que tivemos no \u00faltimo per\u00edodo. Como est\u00e1 a implementa\u00e7\u00e3o do canal de apoio \u00e0s banc\u00e1rias v\u00edtimas de viol\u00eancia dom\u00e9stica? Queremos mais visibilidade sobre esse canal nos bancos. N\u00e3o podemos deixar de mencionar que ainda temos problemas de ass\u00e9dio sexual e queremos que seja respeitada a clausula de amplia\u00e7\u00e3o da licen\u00e7a maternidade aprovada na Conven\u00e7\u00e3o Coletiva\u201d, afirmou a secret\u00e1ria da Mulher da Contraf-CUT, Elaine Cutis.<\/p>\n<p>Este ano, a Contraf-CUT desenvolve uma campanha para marcar mar\u00e7o como o M\u00eas da Mulher e situa a luta de g\u00eanero \u00e0 atual conjuntura do pa\u00eds. \u201cAl\u00e9m de quest\u00f5es ainda resolvidas como a desigualdade salarial entre banc\u00e1rias e banc\u00e1rios que ocupam o mesmo cargo, as mulheres s\u00e3o as maiores v\u00edtimas dessa crise econ\u00f4mica e da pandemia, diante de um governo que nada faz. Queremos vacina j\u00e1 para todos\u201d, lembrou a secret\u00e1ria de Pol\u00edticas Sociais da Contraf-CUT, Rosalina Amorim.<\/p>\n<p>O debate da reuni\u00e3o de segunda-feira tamb\u00e9m vai abordar segmentos como o das mulheres negras, LGBTs e PCDs. \u201cTemos que lembrar que esses segmentos sempre sofrem uma carga maior de desigualdades e preconceitos. Temos dados, por exemplo, que mostram que as banc\u00e1rias negras sofrem mais com as desigualdades na categoria\u201d, ressaltou o secret\u00e1rio de Combate ao Racismo, Almir Aguiar.<\/p>\n<p><strong>Fonte: Contraf-CUT<\/strong><\/p>\n","protected":false},"excerpt":{"rendered":"<p>Ser\u00e1 na segunda-feira (15) a mesa bipartite tem\u00e1tica de Igualdade de Oportunidades com a Federa\u00e7\u00e3o Nacional dos Bancos (Fenaban). Participam os representantes da Comiss\u00e3o de G\u00eanero, Ra\u00e7a, Orienta\u00e7\u00e3o Sexual e Trabalhadores e Trabalhadoras com Defici\u00eancia (CGROS) e do Coletivo de Mulheres da Confedera\u00e7\u00e3o Nacional dos Trabalhadores do Ramo Financeiro (Contraf-CUT). O tema do encontro ser\u00e3o [&hellip;]<\/p>\n","protected":false},"author":2,"featured_media":10611,"comment_status":"","ping_status":"","sticky":false,"template":"","format":"standard","meta":{"footnotes":""},"categories":[3],"tags":[],"class_list":["post-10612","post","type-post","status-publish","format-standard","has-post-thumbnail","hentry","category-noticias"],"_links":{"self":[{"href":"https:\/\/hostnetart.com.br\/baixada\/wp-json\/wp\/v2\/posts\/10612","targetHints":{"allow":["GET"]}}],"collection":[{"href":"https:\/\/hostnetart.com.br\/baixada\/wp-json\/wp\/v2\/posts"}],"about":[{"href":"https:\/\/hostnetart.com.br\/baixada\/wp-json\/wp\/v2\/types\/post"}],"author":[{"embeddable":true,"href":"https:\/\/hostnetart.com.br\/baixada\/wp-json\/wp\/v2\/users\/2"}],"replies":[{"embeddable":true,"href":"https:\/\/hostnetart.com.br\/baixada\/wp-json\/wp\/v2\/comments?post=10612"}],"version-history":[{"count":0,"href":"https:\/\/hostnetart.com.br\/baixada\/wp-json\/wp\/v2\/posts\/10612\/revisions"}],"wp:featuredmedia":[{"embeddable":true,"href":"https:\/\/hostnetart.com.br\/baixada\/wp-json\/wp\/v2\/media\/10611"}],"wp:attachment":[{"href":"https:\/\/hostnetart.com.br\/baixada\/wp-json\/wp\/v2\/media?parent=10612"}],"wp:term":[{"taxonomy":"category","embeddable":true,"href":"https:\/\/hostnetart.com.br\/baixada\/wp-json\/wp\/v2\/categories?post=10612"},{"taxonomy":"post_tag","embeddable":true,"href":"https:\/\/hostnetart.com.br\/baixada\/wp-json\/wp\/v2\/tags?post=10612"}],"curies":[{"name":"wp","href":"https:\/\/api.w.org\/{rel}","templated":true}]}}