{"id":10610,"date":"2021-03-12T16:28:36","date_gmt":"2021-03-12T19:28:36","guid":{"rendered":"https:\/\/hostnetart.com.br\/baixada\/banco-do-brasil-paga-plr-hoje\/"},"modified":"2021-03-12T16:28:36","modified_gmt":"2021-03-12T19:28:36","slug":"banco-do-brasil-paga-plr-hoje","status":"publish","type":"post","link":"https:\/\/hostnetart.com.br\/baixada\/banco-do-brasil-paga-plr-hoje\/","title":{"rendered":"Banco do Brasil paga PLR hoje"},"content":{"rendered":"<p>Os valores referentes \u00e0 Participa\u00e7\u00e3o nos Lucros e\/ou Resultados (PLR) ser\u00e3o creditados nas contas dos funcion\u00e1rios do Banco do Brasil nesta sexta-feira (12). O banco paga a PLR semestralmente e os valores correspondem \u00e0 soma do m\u00f3dulo Fenaban e do m\u00f3dulo BB.<\/p>\n<p>Pelo m\u00f3dulo Fenaban, o funcion\u00e1rio recebe 45% do sal\u00e1rio paradigma definido no acordo, acrescido de parcela fixa a ser definida pelo banco, para cada semestre.<\/p>\n<p>O m\u00f3dulo BB \u00e9 formado por uma parcela constitu\u00edda pela divis\u00e3o entre os funcion\u00e1rios de 4% do lucro l\u00edquido verificado no semestre, mais uma parcela que varia conforme cumprimento do Acordo de Trabalho (ATB) ou Conex\u00e3o.<\/p>\n<p>A tabela apresenta os valores b\u00e1sicos para os escritur\u00e1rios e caixa executivo.<\/p>\n<figure class=\"wp-block-image\"><img fetchpriority=\"high\" decoding=\"async\" class=\"wp-image-286588\" src=\"https:\/\/contrafcut.com.br\/wp-content\/uploads\/2021\/03\/tabela-plr-2sem2020.png\" alt=\"\" width=\"366\" height=\"167\" \/><\/figure>\n<p><strong>Fonte: Contraf-CUT<\/strong><\/p>\n","protected":false},"excerpt":{"rendered":"<p>Os valores referentes \u00e0 Participa\u00e7\u00e3o nos Lucros e\/ou Resultados (PLR) ser\u00e3o creditados nas contas dos funcion\u00e1rios do Banco do Brasil nesta sexta-feira (12). O banco paga a PLR semestralmente e os valores correspondem \u00e0 soma do m\u00f3dulo Fenaban e do m\u00f3dulo BB. Pelo m\u00f3dulo Fenaban, o funcion\u00e1rio recebe 45% do sal\u00e1rio paradigma definido no acordo, [&hellip;]<\/p>\n","protected":false},"author":2,"featured_media":10609,"comment_status":"","ping_status":"","sticky":false,"template":"","format":"standard","meta":{"footnotes":""},"categories":[3],"tags":[],"class_list":["post-10610","post","type-post","status-publish","format-standard","has-post-thumbnail","hentry","category-noticias"],"_links":{"self":[{"href":"https:\/\/hostnetart.com.br\/baixada\/wp-json\/wp\/v2\/posts\/10610","targetHints":{"allow":["GET"]}}],"collection":[{"href":"https:\/\/hostnetart.com.br\/baixada\/wp-json\/wp\/v2\/posts"}],"about":[{"href":"https:\/\/hostnetart.com.br\/baixada\/wp-json\/wp\/v2\/types\/post"}],"author":[{"embeddable":true,"href":"https:\/\/hostnetart.com.br\/baixada\/wp-json\/wp\/v2\/users\/2"}],"replies":[{"embeddable":true,"href":"https:\/\/hostnetart.com.br\/baixada\/wp-json\/wp\/v2\/comments?post=10610"}],"version-history":[{"count":0,"href":"https:\/\/hostnetart.com.br\/baixada\/wp-json\/wp\/v2\/posts\/10610\/revisions"}],"wp:featuredmedia":[{"embeddable":true,"href":"https:\/\/hostnetart.com.br\/baixada\/wp-json\/wp\/v2\/media\/10609"}],"wp:attachment":[{"href":"https:\/\/hostnetart.com.br\/baixada\/wp-json\/wp\/v2\/media?parent=10610"}],"wp:term":[{"taxonomy":"category","embeddable":true,"href":"https:\/\/hostnetart.com.br\/baixada\/wp-json\/wp\/v2\/categories?post=10610"},{"taxonomy":"post_tag","embeddable":true,"href":"https:\/\/hostnetart.com.br\/baixada\/wp-json\/wp\/v2\/tags?post=10610"}],"curies":[{"name":"wp","href":"https:\/\/api.w.org\/{rel}","templated":true}]}}