{"id":10606,"date":"2021-03-12T03:16:46","date_gmt":"2021-03-12T06:16:46","guid":{"rendered":"https:\/\/hostnetart.com.br\/baixada\/contraf-cut-cobra-esclarecimentos-sobre-a-instabilidade-dos-sistemas-da-caixa\/"},"modified":"2021-03-12T03:16:46","modified_gmt":"2021-03-12T06:16:46","slug":"contraf-cut-cobra-esclarecimentos-sobre-a-instabilidade-dos-sistemas-da-caixa","status":"publish","type":"post","link":"https:\/\/hostnetart.com.br\/baixada\/contraf-cut-cobra-esclarecimentos-sobre-a-instabilidade-dos-sistemas-da-caixa\/","title":{"rendered":"Contraf-CUT cobra esclarecimentos sobre a instabilidade dos sistemas da Caixa"},"content":{"rendered":"<p>A Confedera\u00e7\u00e3o Nacional dos Trabalhadores do Ramo Financeiro (Contraf-CUT), por meio da Comiss\u00e3o Executiva dos Empregados (CEE\/Caixa), solicitou esclarecimentos sobre a instabilidade dos sistemas da Caixa Econ\u00f4mica Federal. \u201cA Caixa n\u00e3o vem agindo de forma transparente nem com os clientes nem com os empregados. Isso vem gerando v\u00e1rios problemas no atendimento, inclusive trazendo para as ag\u00eancias clientes que antes estavam utilizando os meios virtuais\u201d, disse Fabiana Uehara Proscholdt, secret\u00e1ria da Cultura da Contraf-CUT e coordenadora da CEE\/Caixa, ao lembrar que o assunto est\u00e1 na pauta da\u00a0<a href=\"https:\/\/contrafcut.com.br\/noticias\/contraf-cut-e-cee-caixa-cobram-e-caixa-marca-reuniao-de-negociacao-para-terca-feira-16\/\" target=\"_blank\" rel=\"noopener noreferrer\">reuni\u00e3o com a dire\u00e7\u00e3o do banco na pr\u00f3xima ter\u00e7a-feira (16)<\/a>.<\/p>\n<p>O\u00a0<a href=\"https:\/\/contrafcut.com.br\/wp-content\/uploads\/2021\/03\/of-03921-cef-esclarecimentos-sobre-a-instabilidade-dos-sistemas.pdf\" target=\"_blank\" rel=\"noopener noreferrer\">of\u00edcio, enviado na tarde desta quinta-feira (11),<\/a>\u00a0aponta que a instabilidade n\u00e3o s\u00f3 prejudica o trabalho dos empregados, pois gera retrabalho, como tamb\u00e9m prejudica os clientes. Alguns, inclusive, est\u00e3o encerrando suas contas. \u201cEsta situa\u00e7\u00e3o est\u00e1 prejudicando e muito a imagem do banco\u201d, completou Fabiana.<\/p>\n<p>A coordenadora da CEE\/Caixa revela alguns dos problemas enfrentados pelos empregados, como v\u00e1rias quedas e travamentos durante o dia, opera\u00e7\u00f5es que s\u00e3o ou n\u00e3o estornadas, transa\u00e7\u00f5es que n\u00e3o aparecem na fita de caixa, entre in\u00fameros outros problemas que causam diferen\u00e7as de caixa. \u201cN\u00f3s queremos saber o motivo e se existe um prazo para que os sistemas se normalizem\u201d, finalizou.<\/p>\n<p><strong>Fonte: Contraf-CUT<\/strong><\/p>\n","protected":false},"excerpt":{"rendered":"<p>A Confedera\u00e7\u00e3o Nacional dos Trabalhadores do Ramo Financeiro (Contraf-CUT), por meio da Comiss\u00e3o Executiva dos Empregados (CEE\/Caixa), solicitou esclarecimentos sobre a instabilidade dos sistemas da Caixa Econ\u00f4mica Federal. \u201cA Caixa n\u00e3o vem agindo de forma transparente nem com os clientes nem com os empregados. Isso vem gerando v\u00e1rios problemas no atendimento, inclusive trazendo para as [&hellip;]<\/p>\n","protected":false},"author":2,"featured_media":10605,"comment_status":"","ping_status":"","sticky":false,"template":"","format":"standard","meta":{"footnotes":""},"categories":[3],"tags":[],"class_list":["post-10606","post","type-post","status-publish","format-standard","has-post-thumbnail","hentry","category-noticias"],"_links":{"self":[{"href":"https:\/\/hostnetart.com.br\/baixada\/wp-json\/wp\/v2\/posts\/10606","targetHints":{"allow":["GET"]}}],"collection":[{"href":"https:\/\/hostnetart.com.br\/baixada\/wp-json\/wp\/v2\/posts"}],"about":[{"href":"https:\/\/hostnetart.com.br\/baixada\/wp-json\/wp\/v2\/types\/post"}],"author":[{"embeddable":true,"href":"https:\/\/hostnetart.com.br\/baixada\/wp-json\/wp\/v2\/users\/2"}],"replies":[{"embeddable":true,"href":"https:\/\/hostnetart.com.br\/baixada\/wp-json\/wp\/v2\/comments?post=10606"}],"version-history":[{"count":0,"href":"https:\/\/hostnetart.com.br\/baixada\/wp-json\/wp\/v2\/posts\/10606\/revisions"}],"wp:featuredmedia":[{"embeddable":true,"href":"https:\/\/hostnetart.com.br\/baixada\/wp-json\/wp\/v2\/media\/10605"}],"wp:attachment":[{"href":"https:\/\/hostnetart.com.br\/baixada\/wp-json\/wp\/v2\/media?parent=10606"}],"wp:term":[{"taxonomy":"category","embeddable":true,"href":"https:\/\/hostnetart.com.br\/baixada\/wp-json\/wp\/v2\/categories?post=10606"},{"taxonomy":"post_tag","embeddable":true,"href":"https:\/\/hostnetart.com.br\/baixada\/wp-json\/wp\/v2\/tags?post=10606"}],"curies":[{"name":"wp","href":"https:\/\/api.w.org\/{rel}","templated":true}]}}