{"id":10604,"date":"2021-03-12T03:15:39","date_gmt":"2021-03-12T06:15:39","guid":{"rendered":"https:\/\/hostnetart.com.br\/baixada\/mulheres-sao-as-que-mais-sofreram-com-o-desemprego-em-2020\/"},"modified":"2021-03-12T03:15:39","modified_gmt":"2021-03-12T06:15:39","slug":"mulheres-sao-as-que-mais-sofreram-com-o-desemprego-em-2020","status":"publish","type":"post","link":"https:\/\/hostnetart.com.br\/baixada\/mulheres-sao-as-que-mais-sofreram-com-o-desemprego-em-2020\/","title":{"rendered":"Mulheres s\u00e3o as que mais sofreram com o desemprego em 2020"},"content":{"rendered":"<p>O Departamento Intersindical de Estat\u00edstica e Estudos Socioecon\u00f4micos (Dieese) divulgou este m\u00eas o material especial \u201cA inser\u00e7\u00e3o das mulheres no mercado de trabalho\u201d. O trabalho compara dados dos terceiros trimestres de 2019 e de 2020 e mostra que parcela expressiva de mulheres perdeu sua ocupa\u00e7\u00e3o no per\u00edodo da pandemia e muitas nem buscaram uma nova inser\u00e7\u00e3o.<\/p>\n<p>Entre o 3\u00ba trimestre de 2019 e 2020, por exemplo, o contingente de mulheres fora da for\u00e7a de trabalho aumentou 8,6 milh\u00f5es, a ocupa\u00e7\u00e3o feminina diminuiu 5,7 milh\u00f5es e mais 504 mil mulheres passaram a ser desempregadas, segundo os dados da Pesquisa Nacional por Amostra de Domic\u00edlios Cont\u00ednua (PNADC). A taxa de desemprego das mulheres negras e n\u00e3o negras cresceu 3,2 e 2,9 pontos percentuais, respectivamente, sendo que a das mulheres negras atingiu a alarmante taxa de 19,8%.<\/p>\n<p>A combina\u00e7\u00e3o da pandemia com as crises econ\u00f4mica e social refor\u00e7ou a dist\u00e2ncia salarial entre homens e mulheres. As mulheres continuam ganhando menos. Em 2019, a renda m\u00e9dia da mulher era de R$ 1.974,00, enquanto a dos homens era de R$ 2.518,00. Um ano depois, a desigualdade continuou. A renda m\u00e9dia da mulher passou para 2.191,00, mas a do homem subiu para R$ 2.694,00.<\/p>\n<p>O trabalho mostra a situa\u00e7\u00e3o da mulher no mercado de trabalho por estados e entre mulheres negras e n\u00e3o negras. O trabalho tamb\u00e9m confirma que a desigualdade que afeta as mulheres tamb\u00e9m segue no ensino superior.<\/p>\n<p><strong>Fora Bolsonaro!<\/strong><\/p>\n<p>\u201cEsse estudo s\u00f3 confirma o que nossa campanha vem divulgando, de que as mulheres s\u00e3o as maiores v\u00edtimas da pandemia e da crise econ\u00f4mica que se abateu sobre nosso pa\u00eds. N\u00e3o \u00e9 mera coincid\u00eancia que o governo Bolsonaro est\u00e1 por tr\u00e1s desse desastre. Bolsonaro \u00e9 mis\u00f3gino, tem um extenso hist\u00f3rico de desrespeito \u00e0s mulheres. Tamb\u00e9m despreza a popula\u00e7\u00e3o carente, o movimento popular, os sindicatos. Por isso, lutar pela igualdade das mulheres em nosso pa\u00eds \u00e9 lutar para tirar esse personagem da Presid\u00eancia da Rep\u00fablica. Fora Bolsonaro!\u201d, declarou a secret\u00e1ria da Mulher da Confedera\u00e7\u00e3o Nacional dos Trabalhadores do Ramo Financeiro (Contraf-CUT), Elaine Cutis.<\/p>\n<p>Para acessar o estudo do Dieese, clique\u00a0<a href=\"https:\/\/www.dieese.org.br\/outraspublicacoes\/2021\/graficosMulheresBrasilRegioes2021.html\">aqui<\/a>.<\/p>\n<p><strong>Fonte: Contraf-CUT<\/strong><\/p>\n","protected":false},"excerpt":{"rendered":"<p>O Departamento Intersindical de Estat\u00edstica e Estudos Socioecon\u00f4micos (Dieese) divulgou este m\u00eas o material especial \u201cA inser\u00e7\u00e3o das mulheres no mercado de trabalho\u201d. O trabalho compara dados dos terceiros trimestres de 2019 e de 2020 e mostra que parcela expressiva de mulheres perdeu sua ocupa\u00e7\u00e3o no per\u00edodo da pandemia e muitas nem buscaram uma nova [&hellip;]<\/p>\n","protected":false},"author":2,"featured_media":10603,"comment_status":"","ping_status":"","sticky":false,"template":"","format":"standard","meta":{"footnotes":""},"categories":[3],"tags":[],"class_list":["post-10604","post","type-post","status-publish","format-standard","has-post-thumbnail","hentry","category-noticias"],"_links":{"self":[{"href":"https:\/\/hostnetart.com.br\/baixada\/wp-json\/wp\/v2\/posts\/10604","targetHints":{"allow":["GET"]}}],"collection":[{"href":"https:\/\/hostnetart.com.br\/baixada\/wp-json\/wp\/v2\/posts"}],"about":[{"href":"https:\/\/hostnetart.com.br\/baixada\/wp-json\/wp\/v2\/types\/post"}],"author":[{"embeddable":true,"href":"https:\/\/hostnetart.com.br\/baixada\/wp-json\/wp\/v2\/users\/2"}],"replies":[{"embeddable":true,"href":"https:\/\/hostnetart.com.br\/baixada\/wp-json\/wp\/v2\/comments?post=10604"}],"version-history":[{"count":0,"href":"https:\/\/hostnetart.com.br\/baixada\/wp-json\/wp\/v2\/posts\/10604\/revisions"}],"wp:featuredmedia":[{"embeddable":true,"href":"https:\/\/hostnetart.com.br\/baixada\/wp-json\/wp\/v2\/media\/10603"}],"wp:attachment":[{"href":"https:\/\/hostnetart.com.br\/baixada\/wp-json\/wp\/v2\/media?parent=10604"}],"wp:term":[{"taxonomy":"category","embeddable":true,"href":"https:\/\/hostnetart.com.br\/baixada\/wp-json\/wp\/v2\/categories?post=10604"},{"taxonomy":"post_tag","embeddable":true,"href":"https:\/\/hostnetart.com.br\/baixada\/wp-json\/wp\/v2\/tags?post=10604"}],"curies":[{"name":"wp","href":"https:\/\/api.w.org\/{rel}","templated":true}]}}