{"id":10602,"date":"2021-03-11T23:33:33","date_gmt":"2021-03-12T02:33:33","guid":{"rendered":"https:\/\/hostnetart.com.br\/baixada\/fenaban-frustra-bancarios-e-nao-avanca-na-protecao-da-categoria-contra-pandemia\/"},"modified":"2021-03-11T23:33:33","modified_gmt":"2021-03-12T02:33:33","slug":"fenaban-frustra-bancarios-e-nao-avanca-na-protecao-da-categoria-contra-pandemia","status":"publish","type":"post","link":"https:\/\/hostnetart.com.br\/baixada\/fenaban-frustra-bancarios-e-nao-avanca-na-protecao-da-categoria-contra-pandemia\/","title":{"rendered":"Fenaban frustra banc\u00e1rios e n\u00e3o avan\u00e7a na prote\u00e7\u00e3o da categoria contra pandemia"},"content":{"rendered":"<p>Na v\u00e9spera de completar um ano da primeira reuni\u00e3o entre o Comando Nacional dos Banc\u00e1rios e a Federa\u00e7\u00e3o Nacional dos Bancos (Fenaban) para debater a\u00e7\u00f5es que protejam a categoria banc\u00e1ria contra a pandemia do coronav\u00edrus, as partes voltaram a se reunir para discutir medidas contra o agravamento da situa\u00e7\u00e3o. Neste per\u00edodo, 35 reuni\u00f5es trataram do assunto, sendo 19 de forma espec\u00edficas. Por\u00e9m, o resultado da reuni\u00e3o na tarde desta quinta-feira (11) n\u00e3o foi dos melhores.<\/p>\n<p>A boa not\u00edcia ficou por conta do primeiro ponto abordado, a proposta de inclus\u00e3o da categoria banc\u00e1ria como priorit\u00e1ria no Plano Nacional de Vacina\u00e7\u00e3o contra a Covid-19. A Fenaban concordou prontamente com a reivindica\u00e7\u00e3o dos trabalhadores e disse que ir\u00e1 refor\u00e7ar os esfor\u00e7os do movimento sindical junto ao poder p\u00fablico. A Contraf tamb\u00e9m vai enviar carta ao Minist\u00e9rio da Sa\u00fade reivindicando a inclus\u00e3o da categoria entre os setores profissionais priorit\u00e1rios para a vacina\u00e7\u00e3o, ap\u00f3s os grupos de risco (profissionais da sa\u00fade e idosos)<\/p>\n<p>\u201cOs banc\u00e1rios s\u00e3o uma das categorias que n\u00e3o pararam de trabalhar em nenhum momento. Mantiveram, desde o in\u00edcio da pandemia, o atendimento \u00e0 popula\u00e7\u00e3o. Por isso, devemos estar na lista de priorit\u00e1rios\u201d, explicou Juvandia Moreira, coordenadora do Comando Nacional dos Banc\u00e1rios e presidenta da Confedera\u00e7\u00e3o Nacional dos Trabalhadores no Ramo Financeiro (Contraf-CUT).<\/p>\n<p><strong>Reivindica\u00e7\u00f5e<\/strong>s<\/p>\n<p><em><strong>Visitas externas \u2013<\/strong><\/em>\u00a0Quando a discuss\u00e3o foi sobre o retorno das reivindica\u00e7\u00f5es apresentadas na semana passada, as not\u00edcias n\u00e3o foram boas. Sobre a den\u00fancia da press\u00e3o para que os banc\u00e1rios fa\u00e7am visitas externas, a Fenaban garantiu que vai orientar a todos os bancos que as reuni\u00f5es presenciais de gerentes sejam exclusivas de casos emergenciais. Os representantes dos trabalhadores voltaram a cobrar a suspens\u00e3o total. Os representantes dos bancos ficaram de retornar.<\/p>\n<p><strong><em>Diminui\u00e7\u00e3o dos hor\u00e1rios das ag\u00eancias<\/em><\/strong>\u00a0\u2013 Os bancos disseram que ir\u00e3o reduzir o hor\u00e1rio de atendimento: das 9h \u00e0s 10h, atendimento exclusivo aos clientes do grupo de riscos, idosos e gestantes. Entre 10h e 15h, no m\u00e1ximo. Atendimento aos demais clientes. Essas limita\u00e7\u00f5es de hor\u00e1rio n\u00e3o valem para a Caixa, que ir\u00e1 iniciar o pagamento da nova fase do aux\u00edlio emergencial.<\/p>\n<p><strong><em>Teletrabalho \u2013<\/em><\/strong>\u00a0A Fenaban disse que 14 institui\u00e7\u00f5es financeiras j\u00e1 efetuaram o retorno dos trabalhadores do sistema presencial para o teletrabalho. Ficou de apurar ainda se outros banc\u00e1rios ir\u00e3o retornar a esta situa\u00e7\u00e3o.<\/p>\n<p><strong><em>Press\u00e3o das metas \u2013<\/em><\/strong>\u00a0 Outra reivindica\u00e7\u00e3o cobrada foi a redu\u00e7\u00e3o das metas durante a pandemia.<\/p>\n<p><strong><em>Demiss\u00f5es \u2013<\/em><\/strong>\u00a0O Comando reivindicou que os bancos suspendessem as demiss\u00f5es nesse pior momento da pandemia. Sobre essa quest\u00e3o, ficou acertada uma nova reuni\u00e3o para a tarde da pr\u00f3xima ter\u00e7a-feira (16), \u00e0s 13h.<\/p>\n<p>Sobre as demais reivindica\u00e7\u00f5es, os representantes dos bancos se comprometeram a responder at\u00e9 esta sexta-feira (12).<\/p>\n<p>\u201cA gente quer ter as prote\u00e7\u00f5es que t\u00ednhamos no ano passado. Tivemos uma fase com muitos problemas, muitas mortes e pedimos a suspens\u00e3o das demiss\u00f5es. Agora, estamos em uma fase pior ainda. Precisamos ter mais rigor no cumprimento das medidas de prote\u00e7\u00e3o, a volta do teletrabalho, o fim das demiss\u00f5es e a redu\u00e7\u00e3o do hor\u00e1rio de atendimento e das metas. A gente est\u00e1 pedindo para que os banc\u00e1rios n\u00e3o fiquem t\u00e3o expostos como est\u00e3o agora. Agora, esperamos que nesta sexta-feira as negocia\u00e7\u00f5es avancem\u201d, disse Juvandia.<\/p>\n<p><span style=\"text-decoration: underline;\">Fonte: Contraf-CUT<\/span><\/p>\n","protected":false},"excerpt":{"rendered":"<p>Na v\u00e9spera de completar um ano da primeira reuni\u00e3o entre o Comando Nacional dos Banc\u00e1rios e a Federa\u00e7\u00e3o Nacional dos Bancos (Fenaban) para debater a\u00e7\u00f5es que protejam a categoria banc\u00e1ria contra a pandemia do coronav\u00edrus, as partes voltaram a se reunir para discutir medidas contra o agravamento da situa\u00e7\u00e3o. Neste per\u00edodo, 35 reuni\u00f5es trataram do [&hellip;]<\/p>\n","protected":false},"author":2,"featured_media":10601,"comment_status":"","ping_status":"","sticky":false,"template":"","format":"standard","meta":{"footnotes":""},"categories":[3],"tags":[],"class_list":["post-10602","post","type-post","status-publish","format-standard","has-post-thumbnail","hentry","category-noticias"],"_links":{"self":[{"href":"https:\/\/hostnetart.com.br\/baixada\/wp-json\/wp\/v2\/posts\/10602","targetHints":{"allow":["GET"]}}],"collection":[{"href":"https:\/\/hostnetart.com.br\/baixada\/wp-json\/wp\/v2\/posts"}],"about":[{"href":"https:\/\/hostnetart.com.br\/baixada\/wp-json\/wp\/v2\/types\/post"}],"author":[{"embeddable":true,"href":"https:\/\/hostnetart.com.br\/baixada\/wp-json\/wp\/v2\/users\/2"}],"replies":[{"embeddable":true,"href":"https:\/\/hostnetart.com.br\/baixada\/wp-json\/wp\/v2\/comments?post=10602"}],"version-history":[{"count":0,"href":"https:\/\/hostnetart.com.br\/baixada\/wp-json\/wp\/v2\/posts\/10602\/revisions"}],"wp:featuredmedia":[{"embeddable":true,"href":"https:\/\/hostnetart.com.br\/baixada\/wp-json\/wp\/v2\/media\/10601"}],"wp:attachment":[{"href":"https:\/\/hostnetart.com.br\/baixada\/wp-json\/wp\/v2\/media?parent=10602"}],"wp:term":[{"taxonomy":"category","embeddable":true,"href":"https:\/\/hostnetart.com.br\/baixada\/wp-json\/wp\/v2\/categories?post=10602"},{"taxonomy":"post_tag","embeddable":true,"href":"https:\/\/hostnetart.com.br\/baixada\/wp-json\/wp\/v2\/tags?post=10602"}],"curies":[{"name":"wp","href":"https:\/\/api.w.org\/{rel}","templated":true}]}}