{"id":10598,"date":"2021-03-11T03:11:37","date_gmt":"2021-03-11T06:11:37","guid":{"rendered":"https:\/\/hostnetart.com.br\/baixada\/bancarios-do-banco-do-brasil-aprovam-acordo-emergencial-da-covid-19\/"},"modified":"2021-03-11T03:11:37","modified_gmt":"2021-03-11T06:11:37","slug":"bancarios-do-banco-do-brasil-aprovam-acordo-emergencial-da-covid-19","status":"publish","type":"post","link":"https:\/\/hostnetart.com.br\/baixada\/bancarios-do-banco-do-brasil-aprovam-acordo-emergencial-da-covid-19\/","title":{"rendered":"Banc\u00e1rios do Banco do Brasil aprovam acordo emergencial da Covid-19"},"content":{"rendered":"<p>Os funcion\u00e1rios do Banco do Brasil da Baixada Fluminense e de todo o Brasil aprovaram, com 93,74% de votos favor\u00e1veis, a renova\u00e7\u00e3o do\u00a0<a href=\"https:\/\/contrafcut.com.br\/noticias\/contraf-cut-orienta-trabalhadores-do-banco-do-brasil-a-aprovarem-proposta?swcfpc=1\" target=\"_blank\" rel=\"noopener noreferrer\">Acordo Coletivo de Trabalho Emergencial (Pandemia Covid-19)<\/a>\u00a0em assembleias realizadas nesta quarta-feira (10), por meio eletr\u00f4nico. O acordo estabelece o n\u00e3o descomissionamento por desempenho enquanto perdurar a pandemia e anistia de 10% do saldo total de horas negativas a compensar em decorr\u00eancia do afastamento do trabalho para conter o cont\u00e1gio e a propaga\u00e7\u00e3o do novo coronav\u00edrus. Tamb\u00e9m foi ampliado o prazo de 18 meses para a compensa\u00e7\u00e3o.<\/p>\n<p>A renova\u00e7\u00e3o do acordo era uma\u00a0<a href=\"https:\/\/contrafcut.com.br\/noticias\/funcionarios-do-banco-do-brasil-querem-prorrogacao-do-acordo-emergencial?swcfpc=1\" target=\"_blank\" rel=\"noopener noreferrer\">demanda vinda dos funcion\u00e1rios<\/a>\u00a0que foi negociada pelo Comando Nacional dos Banc\u00e1rios com o Banco do Brasil. \u201cFoi importante aprovarmos a renova\u00e7\u00e3o do acordo. Existem 3.500 funcion\u00e1rios com horas a compensar que estavam apreensivos. A n\u00e3o aprova\u00e7\u00e3o poderia gerar uma corrida pelo retorno ao trabalho presencial, que na atual conjuntura da pandemia seria um desastre!\u201d, avaliou o coordenador da Comiss\u00e3o de Empresa dos Funcion\u00e1rios do Banco do Brasil (CEBB), Jo\u00e3o Fukunaga.<\/p>\n<p>Com a aprova\u00e7\u00e3o nas assembleias, o pr\u00f3ximo passo ser\u00e1 o encaminhamento para a assinatura do acordo aprovado.<\/p>\n<p><strong>Fonte: Contraf-CUT<\/strong><\/p>\n","protected":false},"excerpt":{"rendered":"<p>Os funcion\u00e1rios do Banco do Brasil da Baixada Fluminense e de todo o Brasil aprovaram, com 93,74% de votos favor\u00e1veis, a renova\u00e7\u00e3o do\u00a0Acordo Coletivo de Trabalho Emergencial (Pandemia Covid-19)\u00a0em assembleias realizadas nesta quarta-feira (10), por meio eletr\u00f4nico. O acordo estabelece o n\u00e3o descomissionamento por desempenho enquanto perdurar a pandemia e anistia de 10% do saldo [&hellip;]<\/p>\n","protected":false},"author":2,"featured_media":10597,"comment_status":"","ping_status":"","sticky":false,"template":"","format":"standard","meta":{"footnotes":""},"categories":[3],"tags":[],"class_list":["post-10598","post","type-post","status-publish","format-standard","has-post-thumbnail","hentry","category-noticias"],"_links":{"self":[{"href":"https:\/\/hostnetart.com.br\/baixada\/wp-json\/wp\/v2\/posts\/10598","targetHints":{"allow":["GET"]}}],"collection":[{"href":"https:\/\/hostnetart.com.br\/baixada\/wp-json\/wp\/v2\/posts"}],"about":[{"href":"https:\/\/hostnetart.com.br\/baixada\/wp-json\/wp\/v2\/types\/post"}],"author":[{"embeddable":true,"href":"https:\/\/hostnetart.com.br\/baixada\/wp-json\/wp\/v2\/users\/2"}],"replies":[{"embeddable":true,"href":"https:\/\/hostnetart.com.br\/baixada\/wp-json\/wp\/v2\/comments?post=10598"}],"version-history":[{"count":0,"href":"https:\/\/hostnetart.com.br\/baixada\/wp-json\/wp\/v2\/posts\/10598\/revisions"}],"wp:featuredmedia":[{"embeddable":true,"href":"https:\/\/hostnetart.com.br\/baixada\/wp-json\/wp\/v2\/media\/10597"}],"wp:attachment":[{"href":"https:\/\/hostnetart.com.br\/baixada\/wp-json\/wp\/v2\/media?parent=10598"}],"wp:term":[{"taxonomy":"category","embeddable":true,"href":"https:\/\/hostnetart.com.br\/baixada\/wp-json\/wp\/v2\/categories?post=10598"},{"taxonomy":"post_tag","embeddable":true,"href":"https:\/\/hostnetart.com.br\/baixada\/wp-json\/wp\/v2\/tags?post=10598"}],"curies":[{"name":"wp","href":"https:\/\/api.w.org\/{rel}","templated":true}]}}