{"id":10596,"date":"2021-03-10T19:28:25","date_gmt":"2021-03-10T22:28:25","guid":{"rendered":"https:\/\/hostnetart.com.br\/baixada\/comando-nacional-dos-bancarios-e-fenaban-voltam-a-debater-o-agravamento-da-pandemia\/"},"modified":"2021-03-10T19:28:25","modified_gmt":"2021-03-10T22:28:25","slug":"comando-nacional-dos-bancarios-e-fenaban-voltam-a-debater-o-agravamento-da-pandemia","status":"publish","type":"post","link":"https:\/\/hostnetart.com.br\/baixada\/comando-nacional-dos-bancarios-e-fenaban-voltam-a-debater-o-agravamento-da-pandemia\/","title":{"rendered":"Comando Nacional dos Banc\u00e1rios e Fenaban voltam a debater o agravamento da pandemia"},"content":{"rendered":"<p>O Comando Nacional dos Banc\u00e1rios volta a se reunir nesta quinta-feira (11), \u00e0s 15h30, com a Federa\u00e7\u00e3o Nacional dos Bancos (Fenaban) para cobrar medidas que protejam a categoria e a popula\u00e7\u00e3o contra o agravamento da pandemia.<\/p>\n<p>A expectativa \u00e9 que os representantes da Fenaban respondam \u00e0s reivindica\u00e7\u00f5es do movimento sindical,\u00a0<a href=\"https:\/\/contrafcut.com.br\/noticias\/comando-nacional-cobra-da-fenaban-maior-rigor-contra-a-covid-19\/?swcfpc=1\" target=\"_blank\" rel=\"noopener noreferrer\">apresentadas na reuni\u00e3o passada<\/a>. Entre elas, mais rigor nos protocolos de seguran\u00e7a, manuten\u00e7\u00e3o e amplia\u00e7\u00e3o do teletrabalho, suspens\u00e3o das demiss\u00f5es, testagem na categoria, redu\u00e7\u00e3o das metas e no hor\u00e1rio de atendimento e somente atendimentos essenciais nas ag\u00eancias.<\/p>\n<p>O secret\u00e1rio de Sa\u00fade do Trabalhador da Confedera\u00e7\u00e3o Nacional dos Trabalhadores do Ramo Financeiro (Contraf-CUT), Mauro Salles, refor\u00e7a que os trabalhadores precisam de respostas concretas para as reivindica\u00e7\u00f5es, pois a situa\u00e7\u00e3o exige responsabilidade e urg\u00eancia. \u201cEstamos passando pelo momento mais grave da pandemia no Brasil. O surto de Covid-19 segue descontrolado, em franca tend\u00eancia de crescimento. As m\u00e9dias m\u00f3veis di\u00e1rias de novos casos e mortes, calculadas com base nos \u00faltimos sete dias, seguem em ascens\u00e3o acelerada. Agora, a responsabilidade dos bancos \u00e9 garantir a prote\u00e7\u00e3o dos trabalhadores. \u00c9 hora de utilizar todas medidas necess\u00e1rias para prevenir o cont\u00e1gio.\u201d<\/p>\n<p><strong>Fonte: Contraf-CUT<\/strong><\/p>\n","protected":false},"excerpt":{"rendered":"<p>O Comando Nacional dos Banc\u00e1rios volta a se reunir nesta quinta-feira (11), \u00e0s 15h30, com a Federa\u00e7\u00e3o Nacional dos Bancos (Fenaban) para cobrar medidas que protejam a categoria e a popula\u00e7\u00e3o contra o agravamento da pandemia. A expectativa \u00e9 que os representantes da Fenaban respondam \u00e0s reivindica\u00e7\u00f5es do movimento sindical,\u00a0apresentadas na reuni\u00e3o passada. Entre elas, [&hellip;]<\/p>\n","protected":false},"author":2,"featured_media":10595,"comment_status":"","ping_status":"","sticky":false,"template":"","format":"standard","meta":{"footnotes":""},"categories":[3],"tags":[],"class_list":["post-10596","post","type-post","status-publish","format-standard","has-post-thumbnail","hentry","category-noticias"],"_links":{"self":[{"href":"https:\/\/hostnetart.com.br\/baixada\/wp-json\/wp\/v2\/posts\/10596","targetHints":{"allow":["GET"]}}],"collection":[{"href":"https:\/\/hostnetart.com.br\/baixada\/wp-json\/wp\/v2\/posts"}],"about":[{"href":"https:\/\/hostnetart.com.br\/baixada\/wp-json\/wp\/v2\/types\/post"}],"author":[{"embeddable":true,"href":"https:\/\/hostnetart.com.br\/baixada\/wp-json\/wp\/v2\/users\/2"}],"replies":[{"embeddable":true,"href":"https:\/\/hostnetart.com.br\/baixada\/wp-json\/wp\/v2\/comments?post=10596"}],"version-history":[{"count":0,"href":"https:\/\/hostnetart.com.br\/baixada\/wp-json\/wp\/v2\/posts\/10596\/revisions"}],"wp:featuredmedia":[{"embeddable":true,"href":"https:\/\/hostnetart.com.br\/baixada\/wp-json\/wp\/v2\/media\/10595"}],"wp:attachment":[{"href":"https:\/\/hostnetart.com.br\/baixada\/wp-json\/wp\/v2\/media?parent=10596"}],"wp:term":[{"taxonomy":"category","embeddable":true,"href":"https:\/\/hostnetart.com.br\/baixada\/wp-json\/wp\/v2\/categories?post=10596"},{"taxonomy":"post_tag","embeddable":true,"href":"https:\/\/hostnetart.com.br\/baixada\/wp-json\/wp\/v2\/tags?post=10596"}],"curies":[{"name":"wp","href":"https:\/\/api.w.org\/{rel}","templated":true}]}}