{"id":10590,"date":"2021-03-10T14:53:14","date_gmt":"2021-03-10T17:53:14","guid":{"rendered":"https:\/\/hostnetart.com.br\/baixada\/empregados-da-caixa-podem-receber-segunda-parcela-da-plr-no-prazo-final-do-act\/"},"modified":"2021-03-10T14:53:14","modified_gmt":"2021-03-10T17:53:14","slug":"empregados-da-caixa-podem-receber-segunda-parcela-da-plr-no-prazo-final-do-act","status":"publish","type":"post","link":"https:\/\/hostnetart.com.br\/baixada\/empregados-da-caixa-podem-receber-segunda-parcela-da-plr-no-prazo-final-do-act\/","title":{"rendered":"Empregados da Caixa podem receber segunda parcela da PLR no prazo final do ACT"},"content":{"rendered":"<p>Os empregados da Caixa Econ\u00f4mica Federal receber\u00e3o a segunda parcela da Participa\u00e7\u00e3o nos Lucros e Resultados (PLR) at\u00e9 o dia 31 de mar\u00e7o. Essa foi a resposta da dire\u00e7\u00e3o do banco \u00e0 cobran\u00e7a da Confedera\u00e7\u00e3o Nacional dos Trabalhadores do Ramo Financeiro (Contraf-CUT), por of\u00edcio, sobre a previs\u00e3o da publica\u00e7\u00e3o do balan\u00e7o e antecipa\u00e7\u00e3o do pagamento. \u201cOs empregados est\u00e3o ansiosos pela PLR, j\u00e1 que todos os bancos j\u00e1 pagaram ou, ao menos, informaram quando pagar\u00e3o. Nossa solicita\u00e7\u00e3o de antecipa\u00e7\u00e3o foi uma forma do banco valorizar todo o trabalho realizado pelos colegas no ano passado. Para piorar, at\u00e9 agora o balan\u00e7o do banco n\u00e3o foi publicado, o que est\u00e1 gerando ainda mais preocupa\u00e7\u00e3o\u201d, afirmou Fabiana Uehara Proscholdt, coordenadora da Comiss\u00e3o Executiva dos Empregados da Caixa (CEE\/Caixa) e secret\u00e1ria da Cultura da Contraf-CUT.<\/p>\n<p>Sobre a PLR, \u201cap\u00f3s cumpridos todos os crit\u00e9rios para pagamento, este ser\u00e1 efetuado de forma tempestiva tal como nos exerc\u00edcios anteriores e assegurado o regular rito de conformidade e governan\u00e7a\u201d, diz um trecho da resposta. O documento, por\u00e9m, n\u00e3o prev\u00ea uma data espec\u00edfica para a publica\u00e7\u00e3o do balan\u00e7o.<\/p>\n<p><strong>Fonte: Contraf-CUT<\/strong><\/p>\n","protected":false},"excerpt":{"rendered":"<p>Os empregados da Caixa Econ\u00f4mica Federal receber\u00e3o a segunda parcela da Participa\u00e7\u00e3o nos Lucros e Resultados (PLR) at\u00e9 o dia 31 de mar\u00e7o. Essa foi a resposta da dire\u00e7\u00e3o do banco \u00e0 cobran\u00e7a da Confedera\u00e7\u00e3o Nacional dos Trabalhadores do Ramo Financeiro (Contraf-CUT), por of\u00edcio, sobre a previs\u00e3o da publica\u00e7\u00e3o do balan\u00e7o e antecipa\u00e7\u00e3o do pagamento. [&hellip;]<\/p>\n","protected":false},"author":2,"featured_media":10589,"comment_status":"","ping_status":"","sticky":false,"template":"","format":"standard","meta":{"footnotes":""},"categories":[3],"tags":[],"class_list":["post-10590","post","type-post","status-publish","format-standard","has-post-thumbnail","hentry","category-noticias"],"_links":{"self":[{"href":"https:\/\/hostnetart.com.br\/baixada\/wp-json\/wp\/v2\/posts\/10590","targetHints":{"allow":["GET"]}}],"collection":[{"href":"https:\/\/hostnetart.com.br\/baixada\/wp-json\/wp\/v2\/posts"}],"about":[{"href":"https:\/\/hostnetart.com.br\/baixada\/wp-json\/wp\/v2\/types\/post"}],"author":[{"embeddable":true,"href":"https:\/\/hostnetart.com.br\/baixada\/wp-json\/wp\/v2\/users\/2"}],"replies":[{"embeddable":true,"href":"https:\/\/hostnetart.com.br\/baixada\/wp-json\/wp\/v2\/comments?post=10590"}],"version-history":[{"count":0,"href":"https:\/\/hostnetart.com.br\/baixada\/wp-json\/wp\/v2\/posts\/10590\/revisions"}],"wp:featuredmedia":[{"embeddable":true,"href":"https:\/\/hostnetart.com.br\/baixada\/wp-json\/wp\/v2\/media\/10589"}],"wp:attachment":[{"href":"https:\/\/hostnetart.com.br\/baixada\/wp-json\/wp\/v2\/media?parent=10590"}],"wp:term":[{"taxonomy":"category","embeddable":true,"href":"https:\/\/hostnetart.com.br\/baixada\/wp-json\/wp\/v2\/categories?post=10590"},{"taxonomy":"post_tag","embeddable":true,"href":"https:\/\/hostnetart.com.br\/baixada\/wp-json\/wp\/v2\/tags?post=10590"}],"curies":[{"name":"wp","href":"https:\/\/api.w.org\/{rel}","templated":true}]}}