{"id":1059,"date":"2014-04-28T00:00:00","date_gmt":"2014-04-28T03:00:00","guid":{"rendered":"https:\/\/hostnetart.com.br\/baixada\/28-de-abril-dia-mundial-em-memoria-das-vitimas-de-acidentes-do-trabalho\/"},"modified":"2014-04-28T00:00:00","modified_gmt":"2014-04-28T03:00:00","slug":"28-de-abril-dia-mundial-em-memoria-das-vitimas-de-acidentes-do-trabalho","status":"publish","type":"post","link":"https:\/\/hostnetart.com.br\/baixada\/28-de-abril-dia-mundial-em-memoria-das-vitimas-de-acidentes-do-trabalho\/","title":{"rendered":"28 de abril: Dia Mundial em Mem\u00f3ria das V\u00edtimas de Acidentes do Trabalho"},"content":{"rendered":"<p>V\u00e1rios pa\u00edses, como o Brasil, celebram nesta segunda-feira (28) o Dia Mundial de Seguran\u00e7a e Sa\u00fade no Trabalho. A data estabelecida pela Organiza\u00e7\u00e3o Internacional do Trabalho (OIT) tamb\u00e9m \u00e9 conhecida como Dia Mundial em Mem\u00f3ria \u00e0s V\u00edtimas de Acidentes e Doen\u00e7as do Trabalho. Isso porque em 28 de abril de 1969 uma explos\u00e3o em uma mina, em Virg\u00ednia, nos Estados Unidos, matou 78 trabalhadores.<\/p>\n<p>No Brasil, a CUT e as demais centrais chamam a aten\u00e7\u00e3o para o aumento dos casos de doen\u00e7as e mortes relacionadas \u00e0 rotina estressante de trabalho. \u201cAss\u00e9dio moral no trabalho e a viol\u00eancia organizacional adoecem e podem matar\u201d \u00e9 o tema das mobiliza\u00e7\u00f5es e dos debates promovidos pelos trabalhadores este ano.<\/p>\n<p>A categoria banc\u00e1ria est\u00e1 entre as que mais sofrem os efeitos do ass\u00e9dio moral e da forma de gest\u00e3o adota pelos bancos, que prioriza o lucro, com metas cada vez mais altas em detrimento da sa\u00fade dos funcion\u00e1rios.<\/p>\n<p>O secret\u00e1rio de Sa\u00fade do Trabalhador da Contraf-CUT, Walcir Previtalle, afirma que o combate ao ass\u00e9dio moral e \u00e0s doen\u00e7as causadas pelo modelo de administra\u00e7\u00e3o do setor banc\u00e1rio precisam passar por interven\u00e7\u00e3o direta dos trabalhadores.<\/p>\n<p>\u201cPara a melhoria da sa\u00fade dos trabalhadores \u00e9 necess\u00e1rio a participa\u00e7\u00e3o dos empregados no processo que define a organiza\u00e7\u00e3o do trabalho, prevendo a interven\u00e7\u00e3o nos ambientes de trabalho. Tudo passa pela democratiza\u00e7\u00e3o das rela\u00e7\u00f5es de trabalho no Brasil, garantindo o cumprimento das conven\u00e7\u00f5es da OIT, como a 144 por exemplo\u201d, explica Walcir.<\/p>\n<p><strong>Ass\u00e9dio moral e depress\u00e3o<\/strong><\/p>\n<p>No ramo financeiro, as doen\u00e7as relacionadas \u00e0 sa\u00fade mental j\u00e1 superam as do sistema osteomuscular e do tecido conjuntivo, as chamadas LER\/Dort.<\/p>\n<p>Em 2013 foram 18.671 afastamentos de banc\u00e1rios por problemas de sa\u00fade. Do total de aux\u00edlios-doen\u00e7a acident\u00e1rios concedidos pelo INSS, 52,7% tiveram como causas principais os transtornos mentais e as doen\u00e7as do sistema nervoso. Isso significa dizer que, de cada dez banc\u00e1rios doentes, cinco s\u00e3o por depress\u00e3o.<\/p>\n<p>Segundo a Organiza\u00e7\u00e3o Mundial de Sa\u00fade (OMS), at\u00e9 2020 a depress\u00e3o passar\u00e1 da 4\u00aa para a 2\u00aa colocada entre as principais causas de incapacidade para o trabalho no mundo. Estima-se que 121 milh\u00f5es de pessoas sofram com a depress\u00e3o, sendo 17 milh\u00f5es somente no Brasil e, segundo dados da OMS, 75% nunca receberam um tratamento adequado.<\/p>\n<p><strong>Sa\u00fade e condi\u00e7\u00f5es de trabalho<\/strong><\/p>\n<p>A consulta da Campanha Nacional dos Banc\u00e1rios de 2013, realizada pelos sindicatos, sob a coordena\u00e7\u00e3o da Contraf-CUT, ouviu 37.097 funcion\u00e1rios de bancos p\u00fablicos e privados sobre diversos assuntos de interesse da categoria. O combate ao ass\u00e9dio moral e \u00e0s metas apareceram nas principais expectativas dos trabalhadores.<\/p>\n<p>Entre os entrevistados, 66,4% responderam que querem o fim das metas abusivas, 58,2% pedem o combate ao ass\u00e9dio moral e 27,4% assinalaram seguran\u00e7a contra assaltos e sequestros.<\/p>\n<p>\u201cOs banc\u00e1rios sofrem as consequ\u00eancias de um ambiente de trabalho autorit\u00e1rio e adoecedor. Os bancos falam tanto em equipe, mas a cobran\u00e7a \u00e9 individualizada, o que gera tens\u00e3o e sofrimento mental para o trabalhador. O ass\u00e9dio moral e o ritmo intenso de trabalho causam v\u00e1rias doen\u00e7as. \u00c9 fundamental e urgente combater a origem de tudo isso, mas hoje n\u00e3o h\u00e1 espa\u00e7o para di\u00e1logo nos locais de trabalho\u201d, destaca Walcir.<\/p>\n<p><strong>Audi\u00eancia p\u00fablica em Bras\u00edlia<\/strong><\/p>\n<p>A Contraf-CUT participa nesta ter\u00e7a-feira (29), junto com as centrais sindicais, de uma audi\u00eancia p\u00fablica no Congresso Nacional sobre o ass\u00e9dio moral nas rela\u00e7\u00f5es de trabalho. O encontro est\u00e1 sendo coordenado pela Frente Parlamentar Pela Seguran\u00e7a e Sa\u00fade no Trabalho, presidida pelo deputado Vicentinho (PT-SP).<\/p>\n<p>O prop\u00f3sito \u00e9 discutir e acelerar a tramita\u00e7\u00e3o de projetos de lei, como o PL 7.202\/10, que prop\u00f5e altera\u00e7\u00f5es na Lei Previdenci\u00e1ria e tipifica a ofensa moral como acidente de trabalho.<\/p>\n<p>\u201cOs bancos e os empres\u00e1rios, de forma geral, tentam propagar a ideia de que o ass\u00e9dio moral \u00e9 uma quest\u00e3o individual, que surge do atrito pessoal entre os funcion\u00e1rios, por exemplo. Mas n\u00e3o \u00e9 assim, \u00e9 uma pr\u00e1tica ilegal, n\u00e3o podemos naturalizar o ass\u00e9dio moral, \u00e9 um problema coletivo e as decis\u00f5es dos poderes legislativo e judici\u00e1rio s\u00e3o fundamentais neste sentido\u201d, avalia o dirigente da Contraf-CUT.<\/p>\n<p><strong>Agenda de 28 de Abril<\/strong><\/p>\n<p>Al\u00e9m das mobiliza\u00e7\u00f5es dos trabalhadores, outras entidades tamb\u00e9m promovem atividades no Dia Mundial em Mem\u00f3ria das V\u00edtimas de Acidentes de Trabalho.<\/p>\n<p>O ministro do Trabalho e Emprego, Manoel Dias, estar\u00e1 em S\u00e3o Paulo pela manh\u00e3 para debater a\u00e7\u00f5es de seguran\u00e7a e sa\u00fade no ambiente de trabalho. O encontro com representantes dos trabalhadores e dos empregadores, organizado pela Superintend\u00eancia Regional do Trabalho e Emprego de S\u00e3o Paulo, \u00e9 na Fecom\u00e9rcio, no bairro da Bela Vista.<\/p>\n<p>A Fundacentro tem semin\u00e1rios agendados em mais de dez cidades. Na sede da capital paulista, o tema abordado \u00e9 a seguran\u00e7a qu\u00edmica no Brasil e em outros pa\u00edses, a partir das 9h30, em Pinheiros.<\/p>\n<p>Fonte: Contraf-CUT<\/p>\n","protected":false},"excerpt":{"rendered":"<p>V\u00e1rios pa\u00edses, como o Brasil, celebram nesta segunda-feira (28) o Dia Mundial de Seguran\u00e7a e Sa\u00fade no Trabalho. A data estabelecida pela Organiza\u00e7\u00e3o Internacional do Trabalho (OIT) tamb\u00e9m \u00e9 conhecida como Dia Mundial em Mem\u00f3ria \u00e0s V\u00edtimas de Acidentes e Doen\u00e7as do Trabalho. Isso porque em 28 de abril de 1969 uma explos\u00e3o em uma [&hellip;]<\/p>\n","protected":false},"author":1,"featured_media":0,"comment_status":"","ping_status":"","sticky":false,"template":"","format":"standard","meta":{"footnotes":""},"categories":[3],"tags":[],"class_list":["post-1059","post","type-post","status-publish","format-standard","hentry","category-noticias"],"_links":{"self":[{"href":"https:\/\/hostnetart.com.br\/baixada\/wp-json\/wp\/v2\/posts\/1059","targetHints":{"allow":["GET"]}}],"collection":[{"href":"https:\/\/hostnetart.com.br\/baixada\/wp-json\/wp\/v2\/posts"}],"about":[{"href":"https:\/\/hostnetart.com.br\/baixada\/wp-json\/wp\/v2\/types\/post"}],"author":[{"embeddable":true,"href":"https:\/\/hostnetart.com.br\/baixada\/wp-json\/wp\/v2\/users\/1"}],"replies":[{"embeddable":true,"href":"https:\/\/hostnetart.com.br\/baixada\/wp-json\/wp\/v2\/comments?post=1059"}],"version-history":[{"count":0,"href":"https:\/\/hostnetart.com.br\/baixada\/wp-json\/wp\/v2\/posts\/1059\/revisions"}],"wp:attachment":[{"href":"https:\/\/hostnetart.com.br\/baixada\/wp-json\/wp\/v2\/media?parent=1059"}],"wp:term":[{"taxonomy":"category","embeddable":true,"href":"https:\/\/hostnetart.com.br\/baixada\/wp-json\/wp\/v2\/categories?post=1059"},{"taxonomy":"post_tag","embeddable":true,"href":"https:\/\/hostnetart.com.br\/baixada\/wp-json\/wp\/v2\/tags?post=1059"}],"curies":[{"name":"wp","href":"https:\/\/api.w.org\/{rel}","templated":true}]}}