{"id":10588,"date":"2021-03-10T14:50:22","date_gmt":"2021-03-10T17:50:22","guid":{"rendered":"https:\/\/hostnetart.com.br\/baixada\/assembleias-decidem-hoje-sobre-acordo-da-covid-19-com-o-bb\/"},"modified":"2021-03-10T14:50:22","modified_gmt":"2021-03-10T17:50:22","slug":"assembleias-decidem-hoje-sobre-acordo-da-covid-19-com-o-bb","status":"publish","type":"post","link":"https:\/\/hostnetart.com.br\/baixada\/assembleias-decidem-hoje-sobre-acordo-da-covid-19-com-o-bb\/","title":{"rendered":"Assembleias decidem hoje sobre acordo da Covid-19 com o BB"},"content":{"rendered":"<p>Funcion\u00e1rios do Banco do Brasil de todo o pa\u00eds deliberam, nesta quarta-feira (10), sobre a renova\u00e7\u00e3o do\u00a0<a href=\"https:\/\/contrafcut.com.br\/noticias\/contraf-cut-orienta-trabalhadores-do-banco-do-brasil-a-aprovarem-proposta?swcfpc=1\" target=\"_blank\" rel=\"noopener noreferrer\">Acordo Coletivo de Trabalho Emergencial (Pandemia Covid-19)<\/a>, que prev\u00ea o n\u00e3o descomissionamento por desempenho enquanto perdurar a pandemia e o banco de horas em decorr\u00eancia do afastamento do trabalho para conter o cont\u00e1gio e a propaga\u00e7\u00e3o do v\u00edrus, com anistia de 10% do saldo total de horas negativas a compensar, no prazo de 18 meses.<\/p>\n<p>A renova\u00e7\u00e3o do acordo \u00e9 uma\u00a0<a href=\"https:\/\/contrafcut.com.br\/noticias\/funcionarios-do-banco-do-brasil-querem-prorrogacao-do-acordo-emergencial\" target=\"_blank\" rel=\"noopener noreferrer\">demanda vinda dos funcion\u00e1rios<\/a>\u00a0que foi negociada pelo Comando Nacional dos Banc\u00e1rios com o Banco do Brasil. O acordo venceria no \u00faltimo dia de 2020, mas foi\u00a0<a href=\"https:\/\/portal.stf.jus.br\/noticias\/verNoticiaDetalhe.asp?idConteudo=457989&amp;ori=1\" target=\"_blank\" rel=\"noopener noreferrer\">estendido por conta da uma liminar do Supremo Tribunal Federal (STF)<\/a>, que prorrogou o Estado de Pandemia. O\u00a0<a href=\"https:\/\/contrafcut.com.br\/noticias\/comando-indica-aprovacao-do-acordo-emergencial-da-covid-19-com-o-bb\" target=\"_blank\" rel=\"noopener noreferrer\">Comando Nacional dos Banc\u00e1rios indica a aprova\u00e7\u00e3o do acordo<\/a>\u00a0nas assembleias que ser\u00e3o realizadas em todo o pa\u00eds.<\/p>\n<p>As assembleias ocorrem de forma virtual, pela internet, das 8h \u00e0s 20h, para se evitar aglomera\u00e7\u00f5es devido \u00e0 pandemia de Covid-19. \u201cA renova\u00e7\u00e3o do acordo \u00e9 importante, uma vez que o governo n\u00e3o consegue tomar medidas que possibilitem a conten\u00e7\u00e3o da pandemia e muitos funcion\u00e1rios podem ser prejudicados se o acordo n\u00e3o for aprovado nas assembleias\u201d, afirmou o coordenador da Comiss\u00e3o de Empresa dos Funcion\u00e1rios do Banco do Brasil (CEBB), Jo\u00e3o Fukunaga.<\/p>\n<h3>Porque aprovar<\/h3>\n<p>Existem 3.500 funcion\u00e1rios com horas a compensar neste acordo. Dentre eles, 2.600 t\u00eam mais de 200 horas a compensar, segundo informa\u00e7\u00f5es passadas pelo banco.<\/p>\n<p>Para o coordenador da CEBB uma das conquistas desta renova\u00e7\u00e3o \u00e9 a reafirma\u00e7\u00e3o da cl\u00e1usula que pro\u00edbe o descomissionamento por desempenho. \u201cIsso evita o acirramento na cobran\u00e7a pelo cumprimento de metas e garante que n\u00e3o haver\u00e1 perda de renda por descomissionamento pelo n\u00e3o cumprimento das mesmas\u201d, ressaltou Fukunaga. \u201cSem contar nos 10% de desconto sobre o total de horas a serem compensadas\u201d, completou.<\/p>\n<p>Fukunaga diz ainda que outro motivo para a aprova\u00e7\u00e3o do acordo s\u00e3o os compromissos assumidos pelo banco de priorizar funcion\u00e1rios que estejam em situa\u00e7\u00e3o de banco de horas negativas, nos casos de antecipa\u00e7\u00e3o de f\u00e9rias; e manter a necessidade de tr\u00eas avalia\u00e7\u00f5es negativas no sistema de Gest\u00e3o de Desempenho Profissional (GDP) para que um funcion\u00e1rio possa ser perder a fun\u00e7\u00e3o e ser descomissionado.<\/p>\n<p>\u201cO banco vem cumprindo os compromissos assumidos no \u00e2mbito deste acordo e, se continuarem sendo cumpridos vamos evitar que seja feito uso indiscriminado de descomissionamento de desempenho e antecipa\u00e7\u00e3o das f\u00e9rias, como ocorreu logo ap\u00f3s a edi\u00e7\u00e3o da MP (Medida Provis\u00f3ria) 927\u201d, lembrou o coordenador da CEBB.<\/p>\n<p><strong>Fonte: Contraf-CUT<\/strong><\/p>\n","protected":false},"excerpt":{"rendered":"<p>Funcion\u00e1rios do Banco do Brasil de todo o pa\u00eds deliberam, nesta quarta-feira (10), sobre a renova\u00e7\u00e3o do\u00a0Acordo Coletivo de Trabalho Emergencial (Pandemia Covid-19), que prev\u00ea o n\u00e3o descomissionamento por desempenho enquanto perdurar a pandemia e o banco de horas em decorr\u00eancia do afastamento do trabalho para conter o cont\u00e1gio e a propaga\u00e7\u00e3o do v\u00edrus, com [&hellip;]<\/p>\n","protected":false},"author":2,"featured_media":10587,"comment_status":"","ping_status":"","sticky":false,"template":"","format":"standard","meta":{"footnotes":""},"categories":[3],"tags":[],"class_list":["post-10588","post","type-post","status-publish","format-standard","has-post-thumbnail","hentry","category-noticias"],"_links":{"self":[{"href":"https:\/\/hostnetart.com.br\/baixada\/wp-json\/wp\/v2\/posts\/10588","targetHints":{"allow":["GET"]}}],"collection":[{"href":"https:\/\/hostnetart.com.br\/baixada\/wp-json\/wp\/v2\/posts"}],"about":[{"href":"https:\/\/hostnetart.com.br\/baixada\/wp-json\/wp\/v2\/types\/post"}],"author":[{"embeddable":true,"href":"https:\/\/hostnetart.com.br\/baixada\/wp-json\/wp\/v2\/users\/2"}],"replies":[{"embeddable":true,"href":"https:\/\/hostnetart.com.br\/baixada\/wp-json\/wp\/v2\/comments?post=10588"}],"version-history":[{"count":0,"href":"https:\/\/hostnetart.com.br\/baixada\/wp-json\/wp\/v2\/posts\/10588\/revisions"}],"wp:featuredmedia":[{"embeddable":true,"href":"https:\/\/hostnetart.com.br\/baixada\/wp-json\/wp\/v2\/media\/10587"}],"wp:attachment":[{"href":"https:\/\/hostnetart.com.br\/baixada\/wp-json\/wp\/v2\/media?parent=10588"}],"wp:term":[{"taxonomy":"category","embeddable":true,"href":"https:\/\/hostnetart.com.br\/baixada\/wp-json\/wp\/v2\/categories?post=10588"},{"taxonomy":"post_tag","embeddable":true,"href":"https:\/\/hostnetart.com.br\/baixada\/wp-json\/wp\/v2\/tags?post=10588"}],"curies":[{"name":"wp","href":"https:\/\/api.w.org\/{rel}","templated":true}]}}