{"id":10580,"date":"2021-03-09T15:42:16","date_gmt":"2021-03-09T18:42:16","guid":{"rendered":"https:\/\/hostnetart.com.br\/baixada\/bancario-do-itau-queremos-saber-sua-opiniao-sobre-o-projeto-itau-2030\/"},"modified":"2021-03-09T15:42:16","modified_gmt":"2021-03-09T18:42:16","slug":"bancario-do-itau-queremos-saber-sua-opiniao-sobre-o-projeto-itau-2030","status":"publish","type":"post","link":"https:\/\/hostnetart.com.br\/baixada\/bancario-do-itau-queremos-saber-sua-opiniao-sobre-o-projeto-itau-2030\/","title":{"rendered":"Banc\u00e1rio do Ita\u00fa, queremos saber sua opini\u00e3o sobre o Projeto Ita\u00fa 2030"},"content":{"rendered":"<p>O Projeto Ita\u00fa 2030 est\u00e1 sendo implementado aos poucos em algumas ag\u00eancias do banco. Ele prev\u00ea mudan\u00e7as na estrutura de cargos, com a unifica\u00e7\u00e3o das diretorias Comercial e Operacional, e tamb\u00e9m a substitui\u00e7\u00e3o do Agir (programa de remunera\u00e7\u00e3o vari\u00e1vel dos banc\u00e1rios da rede de ag\u00eancias) pelo GERA. O projeto foi apresentado em dezembro pelo banco, e come\u00e7ou a ser implantado em janeiro, segundo o Ita\u00fa, a princ\u00edpio em apenas 20 unidades.<\/p>\n<p>Mas como isso est\u00e1 afetando o cotidiano dos banc\u00e1rios do Ita\u00fa? A Confedera\u00e7\u00e3o Nacional dos Trabalhadores do Ramo Financeiro (Contraf-CUT) quer saber sua opini\u00e3o. Voc\u00ea foi afetado? Est\u00e1 apreensivo? Seus colegas foram prejudicados? Quais as mudan\u00e7as no seu dia a dia? Essas informa\u00e7\u00f5es s\u00e3o fundamentais para embasar a atua\u00e7\u00e3o da entidade na defesa dos seus direitos.<\/p>\n<p>Participe! Basta preencher o question\u00e1rio\u00a0<a href=\"https:\/\/lime.dieese.org.br\/index.php\/792334?lang=pt-BR\" target=\"_blank\" rel=\"noopener noreferrer\">online aqui<\/a>. \u00c9 r\u00e1pido, simples e fundamental para que a entidade possa negociar melhorias nas suas condi\u00e7\u00f5es de trabalho.<\/p>\n<p><strong>Fonte: Contraf-CUT<\/strong><\/p>\n","protected":false},"excerpt":{"rendered":"<p>O Projeto Ita\u00fa 2030 est\u00e1 sendo implementado aos poucos em algumas ag\u00eancias do banco. Ele prev\u00ea mudan\u00e7as na estrutura de cargos, com a unifica\u00e7\u00e3o das diretorias Comercial e Operacional, e tamb\u00e9m a substitui\u00e7\u00e3o do Agir (programa de remunera\u00e7\u00e3o vari\u00e1vel dos banc\u00e1rios da rede de ag\u00eancias) pelo GERA. O projeto foi apresentado em dezembro pelo banco, [&hellip;]<\/p>\n","protected":false},"author":2,"featured_media":10579,"comment_status":"","ping_status":"","sticky":false,"template":"","format":"standard","meta":{"footnotes":""},"categories":[3],"tags":[],"class_list":["post-10580","post","type-post","status-publish","format-standard","has-post-thumbnail","hentry","category-noticias"],"_links":{"self":[{"href":"https:\/\/hostnetart.com.br\/baixada\/wp-json\/wp\/v2\/posts\/10580","targetHints":{"allow":["GET"]}}],"collection":[{"href":"https:\/\/hostnetart.com.br\/baixada\/wp-json\/wp\/v2\/posts"}],"about":[{"href":"https:\/\/hostnetart.com.br\/baixada\/wp-json\/wp\/v2\/types\/post"}],"author":[{"embeddable":true,"href":"https:\/\/hostnetart.com.br\/baixada\/wp-json\/wp\/v2\/users\/2"}],"replies":[{"embeddable":true,"href":"https:\/\/hostnetart.com.br\/baixada\/wp-json\/wp\/v2\/comments?post=10580"}],"version-history":[{"count":0,"href":"https:\/\/hostnetart.com.br\/baixada\/wp-json\/wp\/v2\/posts\/10580\/revisions"}],"wp:featuredmedia":[{"embeddable":true,"href":"https:\/\/hostnetart.com.br\/baixada\/wp-json\/wp\/v2\/media\/10579"}],"wp:attachment":[{"href":"https:\/\/hostnetart.com.br\/baixada\/wp-json\/wp\/v2\/media?parent=10580"}],"wp:term":[{"taxonomy":"category","embeddable":true,"href":"https:\/\/hostnetart.com.br\/baixada\/wp-json\/wp\/v2\/categories?post=10580"},{"taxonomy":"post_tag","embeddable":true,"href":"https:\/\/hostnetart.com.br\/baixada\/wp-json\/wp\/v2\/tags?post=10580"}],"curies":[{"name":"wp","href":"https:\/\/api.w.org\/{rel}","templated":true}]}}