{"id":10576,"date":"2021-03-09T03:12:17","date_gmt":"2021-03-09T06:12:17","guid":{"rendered":"https:\/\/hostnetart.com.br\/baixada\/injustica-tributaria-pune-mais-as-mulheres\/"},"modified":"2021-03-09T03:12:17","modified_gmt":"2021-03-09T06:12:17","slug":"injustica-tributaria-pune-mais-as-mulheres","status":"publish","type":"post","link":"https:\/\/hostnetart.com.br\/baixada\/injustica-tributaria-pune-mais-as-mulheres\/","title":{"rendered":"Injusti\u00e7a tribut\u00e1ria pune mais as mulheres"},"content":{"rendered":"<p>A maioria da popula\u00e7\u00e3o brasileira sofre com o agravamento dos problemas econ\u00f4micos e sociais. J\u00e1 s\u00e3o 60 milh\u00f5es na pobreza e 14 milh\u00f5es de desempregados. Enquanto isso, os super-ricos ficaram ainda mais ricos durante a pandemia. Eles pagam menos impostos do que os mais pobres. Isso faz aumentar a desigualdade e agrava a viol\u00eancia. Todos somos impactados, mas quem mais sofre com isso s\u00e3o as mulheres.<\/p>\n<p>\u201cA maioria dos postos de trabalho fechados era ocupada por elas. Mas, mesmo desempregadas, ficaram sobrecarregadas devido ao aumento do trabalho dom\u00e9stico. E o mais grave, a viol\u00eancia contra a mulher cresceu com o isolamento social. E muitas s\u00e3o obrigadas a conviver com o agressor\u201d, observou a secret\u00e1ria da Mulher da Confedera\u00e7\u00e3o Nacional dos Trabalhadores do Ramo Financeiro (Contraf-CUT), Elaine Cutis. \u201cTodos estes problemas s\u00e3o ainda mais sentidos pelas mulheres negras\u201d, completou.<\/p>\n<h3>Conversa de mulher<\/h3>\n<p>Para tratar do assunto, a Campanha Tributar os Super-ricos vai realizar, na quinta-feira (11), a partir das 19h, um bate-papo, com transmiss\u00e3o ao vivo, com um time de peso, formado pelas deputadas federais Erika Kokay (PT-DF), Gleisi Hoffmann (PT-PR) e Fernanda Melchionna (PSOL-RS), al\u00e9m da economista Juliane Furno e a fundadora do Movimento M\u00e3es de Maio, da Baixada Santista (SP), D\u00e9bora Silva.<\/p>\n<p>O debate #8M \u2013 Pela Vida das Mulheres, Tributar os Super-ricos ser\u00e1 transmitido ao vivo pelos canais no\u00a0<a href=\"https:\/\/www.youtube.com\/watch?v=gTtqj-a4MIg\" target=\"_blank\" rel=\"noopener noreferrer\">Youtube da Contraf-CUT<\/a>\u00a0e do\u00a0<a href=\"https:\/\/www.youtube.com\/watch?v=yKRztWaI7XM\" target=\"_blank\" rel=\"noopener noreferrer\">Instituto Justi\u00e7a Fiscal<\/a>\u00a0e pelo\u00a0<a href=\"https:\/\/www.facebook.com\/102896974943568\/posts\/190942386139026\/\" target=\"_blank\" rel=\"noopener noreferrer\">Facebook da Campanha Tributar os Super-Ricos<\/a>\u00a0e das institui\u00e7\u00f5es participantes.<\/p>\n<h3>Propostas da campanha<\/h3>\n<p>A Contraf-CUT \u00e9 uma das mais de 70 entidades que se juntaram para criar a Campanha Tributar os Super-ricos e elaborar oito Projetos de Lei que podem reduzir, de forma eficiente, esses problemas. Os projetos est\u00e3o em tramita\u00e7\u00e3o no Congresso Nacional desde agosto de 2020 e prop\u00f5em aumentar impostos para os 0,3% mais ricos e reduzir para os mais pobres e para as pequenas empresas.<\/p>\n<p>\u201cSe aprovados, os projetos podem aumentar a arrecada\u00e7\u00e3o em quase R$ 300 bilh\u00f5es ao ano, tributando apenas 59 mil pessoas entre os 210 milh\u00f5es de brasileiros. A ideia \u00e9 promover a justi\u00e7a fiscal com garantia de recursos para renda emergencial e a realiza\u00e7\u00e3o de diversas pol\u00edticas sociais que beneficiam a popula\u00e7\u00e3o mais necessitada\u201d, explicou o secret\u00e1rio de Assuntos Socioecon\u00f4micos da Contraf-CUT, Mario Raia.<\/p>\n<p>\u201cAo inv\u00e9s de cortar recursos das \u00e1reas sociais e reduzir o Estado, \u00e9 preciso tributar os super-ricos e garantir recursos que assegurem os direitos das mulheres e reduzam esse grave quadro de desigualdade e viol\u00eancia\u201d, concluiu o dirigente.<\/p>\n<h3>LIVE | #8M \u2013 Pela Vida das Mulheres, Tributar os Super-ricos |<\/h3>\n<p><strong>\u25bb 11 de mar\u00e7o (quinta)<br \/>19h \u00e0s 20h30<\/strong><\/p>\n<p><strong>Acompanhe pelo Facebook da Campanha Tributar os Super-Ricos<br \/><\/strong><a href=\"https:\/\/www.facebook.com\/102896974943568\/posts\/190942386139026\/\" target=\"_blank\" rel=\"noopener noreferrer\">https:\/\/www.facebook.com\/102896974943568\/posts\/190942386139026\/<\/a><\/p>\n<p><strong>Pelo Youtube da Contraf-CUT<br \/><\/strong><a href=\"https:\/\/www.youtube.com\/watch?v=gTtqj-a4MIg\" target=\"_blank\" rel=\"noopener noreferrer\">https:\/\/www.youtube.com\/watch?v=gTtqj-a4MIg<\/a><\/p>\n<p><strong>Ou pelo Youtube do IJF<\/strong><br \/><a href=\"https:\/\/www.youtube.com\/watch?v=yKRztWaI7XM\" target=\"_blank\" rel=\"noopener noreferrer\">https:\/\/www.youtube.com\/watch?v=yKRztWaI7XM<\/a><\/p>\n<h3>Participantes:<\/h3>\n<p>\u25b8 Erika Kokay \u2013 Deputada federal (PT-DF)<br \/>\u25b8 Gleisi Hoffmann \u2013 Deputada federal (PT-PR) e presidenta nacional do PT<br \/>\u25b8 Fernanda Melchionna \u2013 Deputada federal (PSOL-RS)<br \/>\u25b8 Juliane Furno \u2013 Doutora em Desenvolvimento Econ\u00f4mico pelo Instituto de Economia da Unicamp<br \/>\u25b8 D\u00e9bora Silva \u2013 Fundadora do Movimento M\u00e3es de Maio da Baixada Santista<\/p>\n<p>#TributarOsSuperRicos #TributarAGORA #PelaVidaDasMulheres #DiaDaMulher #8demar\u00e7o<\/p>\n<p><span style=\"text-decoration: underline;\"><strong>Fonte: Contraf-CUT<\/strong><\/span><\/p>\n","protected":false},"excerpt":{"rendered":"<p>A maioria da popula\u00e7\u00e3o brasileira sofre com o agravamento dos problemas econ\u00f4micos e sociais. J\u00e1 s\u00e3o 60 milh\u00f5es na pobreza e 14 milh\u00f5es de desempregados. Enquanto isso, os super-ricos ficaram ainda mais ricos durante a pandemia. Eles pagam menos impostos do que os mais pobres. Isso faz aumentar a desigualdade e agrava a viol\u00eancia. Todos [&hellip;]<\/p>\n","protected":false},"author":2,"featured_media":10575,"comment_status":"","ping_status":"","sticky":false,"template":"","format":"standard","meta":{"footnotes":""},"categories":[3],"tags":[],"class_list":["post-10576","post","type-post","status-publish","format-standard","has-post-thumbnail","hentry","category-noticias"],"_links":{"self":[{"href":"https:\/\/hostnetart.com.br\/baixada\/wp-json\/wp\/v2\/posts\/10576","targetHints":{"allow":["GET"]}}],"collection":[{"href":"https:\/\/hostnetart.com.br\/baixada\/wp-json\/wp\/v2\/posts"}],"about":[{"href":"https:\/\/hostnetart.com.br\/baixada\/wp-json\/wp\/v2\/types\/post"}],"author":[{"embeddable":true,"href":"https:\/\/hostnetart.com.br\/baixada\/wp-json\/wp\/v2\/users\/2"}],"replies":[{"embeddable":true,"href":"https:\/\/hostnetart.com.br\/baixada\/wp-json\/wp\/v2\/comments?post=10576"}],"version-history":[{"count":0,"href":"https:\/\/hostnetart.com.br\/baixada\/wp-json\/wp\/v2\/posts\/10576\/revisions"}],"wp:featuredmedia":[{"embeddable":true,"href":"https:\/\/hostnetart.com.br\/baixada\/wp-json\/wp\/v2\/media\/10575"}],"wp:attachment":[{"href":"https:\/\/hostnetart.com.br\/baixada\/wp-json\/wp\/v2\/media?parent=10576"}],"wp:term":[{"taxonomy":"category","embeddable":true,"href":"https:\/\/hostnetart.com.br\/baixada\/wp-json\/wp\/v2\/categories?post=10576"},{"taxonomy":"post_tag","embeddable":true,"href":"https:\/\/hostnetart.com.br\/baixada\/wp-json\/wp\/v2\/tags?post=10576"}],"curies":[{"name":"wp","href":"https:\/\/api.w.org\/{rel}","templated":true}]}}