{"id":10574,"date":"2021-03-08T21:00:58","date_gmt":"2021-03-09T00:00:58","guid":{"rendered":"https:\/\/hostnetart.com.br\/baixada\/8m-mulheres-fazem-atos-pelo-brasil-por-vacina-e-renda\/"},"modified":"2021-03-08T21:00:58","modified_gmt":"2021-03-09T00:00:58","slug":"8m-mulheres-fazem-atos-pelo-brasil-por-vacina-e-renda","status":"publish","type":"post","link":"https:\/\/hostnetart.com.br\/baixada\/8m-mulheres-fazem-atos-pelo-brasil-por-vacina-e-renda\/","title":{"rendered":"8M: mulheres fazem atos pelo Brasil por vacina e renda"},"content":{"rendered":"<p>O 8 de Mar\u00e7o,\u00a0<a href=\"https:\/\/www.redebrasilatual.com.br\/cidadania\/2021\/03\/8-de-marco-2021-auxilio-emergencial\/\" target=\"_blank\" rel=\"noopener noreferrer\">Dia Internacional da Mulher<\/a>, iniciou com atos de mulheres em diversas cidades por vacina contra a covid-19 e renda b\u00e1sica, por meio do aux\u00edlio emergencial. Pelo Brasil, trabalhadoras protestaram tamb\u00e9m contra a fome e em defesa de moradia. As manifesta\u00e7\u00f5es respeitaram protocolos de sa\u00fade e n\u00e3o promoveram aglomera\u00e7\u00f5es.<\/p>\n<p><a href=\"https:\/\/mst.org.br\/2021\/03\/08\/mulheres-sem-terra-realizam-protesto-na-sede-da-camil-em-sao-paulo\/\" target=\"_blank\" rel=\"noopener noreferrer\">Pela manh\u00e3 desta segunda<\/a>, cerca de 20 mulheres realizaram um ato em frente \u00e0 empresa Camil, em Barra Bonita (SP), contra o aumento no\u00a0<a href=\"https:\/\/www.redebrasilatual.com.br\/economia\/2020\/09\/preco-arroz-desmonte-bolsonaro-economista\/\" target=\"_blank\" rel=\"noopener noreferrer\">pre\u00e7o do arroz.<\/a>\u00a0Sob o lema \u201cMulheres pela vida, semeando resist\u00eancia, contra a fome e as viol\u00eancias\u201d, o ato faz parte da Jornada de Luta do 8 de Mar\u00e7o do Movimento dos Trabalhadores Sem Terra (MST).<\/p>\n<p>O protesto criticou os interesses do agroneg\u00f3cio do Brasil. O pa\u00eds desfez o \u201cestoque regulador\u201d, ou seja, garantia o pre\u00e7o e acesso da popula\u00e7\u00e3o aos produtos, mesmo diante do aumento da demanda. Entretanto, com a pandemia, as empresas priorizam a exporta\u00e7\u00e3o e, como exemplo disso, em um ano, as a\u00e7\u00f5es da empresa Camil subiram 92%.<\/p>\n<p>Em Minas Gerais, no munic\u00edpio de Governador Valadares, mulheres tamb\u00e9m ocuparam a BR-116 \u201cpela vida, contra a fome, as viol\u00eancias e pela abertura imediata do hospital regional\u201d. Elas tamb\u00e9m exigiram o retorno do aux\u00edlio emergencial e vacina para todas e todos.<\/p>\n<p>Em Recife, as mulheres da Ocupa\u00e7\u00e3o Carolina de Jesus tamb\u00e9m realizaram uma paralisa\u00e7\u00e3o. Elas protestaram na BR-101 para reivindicar vacina para todo mundo, renda b\u00e1sica e moradia. \u201cO Bolsonaro n\u00e3o est\u00e1 nem a\u00ed para os trabalhadores. Cad\u00ea o aux\u00edlio emergencial dos trabalhadores? As mulheres est\u00e3o sobrecarregadas\u201d, disse uma manifestante, durante o ato.<\/p>\n<h2><span style=\"text-decoration: underline;\">Outros atos<\/span><\/h2>\n<p>Na capital paulista, as mulheres fizeram atos e panfleta\u00e7os na esta\u00e7\u00e3o de metr\u00f4 Artur Alvim, localizada na Zona Leste. J\u00e1 no Terminal Jo\u00e3o Dias, na Zona Sul, as trabalhadoras tamb\u00e9m conversaram com a popula\u00e7\u00e3o sobre a necessidade de vacina e o aux\u00edlio emergencial.<\/p>\n<p>Em Jar\u00fa, no interior de Rond\u00f4nia, mulheres da Via Campesina organizam a ornamenta\u00e7\u00e3o da cidade com placas de #MulheresPeloForaBolsonaro para marcar o dia internacional de luta das mulheres. A luta \u00e9 pela defesa da vida, pela garantia do SUS para derrotar a fome e as viol\u00eancias.<\/p>\n<p>J\u00e1 em Curitiba, as mulheres trabalhadoras da educa\u00e7\u00e3o fizeram um ato, em frente ao Pal\u00e1cio Igua\u00e7u, sede do governo do Paran\u00e1, contra a volta as aulas, por vacina para toda a popula\u00e7\u00e3o e em mem\u00f3ria \u00e0s milhares de v\u00edtimas da pandemia de covid-19.\u00a0<\/p>\n<p><em><a href=\"https:\/\/www.brasildefato.com.br\/2021\/03\/08\/8-de-marco-pelo-brasil-acompanhe-as-acoes-nas-ruas-e-nas-redes\" target=\"_blank\" rel=\"noopener noreferrer\">*Com informa\u00e7\u00f5es do Brasil de Fato<\/a><\/em><\/p>\n","protected":false},"excerpt":{"rendered":"<p>O 8 de Mar\u00e7o,\u00a0Dia Internacional da Mulher, iniciou com atos de mulheres em diversas cidades por vacina contra a covid-19 e renda b\u00e1sica, por meio do aux\u00edlio emergencial. Pelo Brasil, trabalhadoras protestaram tamb\u00e9m contra a fome e em defesa de moradia. As manifesta\u00e7\u00f5es respeitaram protocolos de sa\u00fade e n\u00e3o promoveram aglomera\u00e7\u00f5es. Pela manh\u00e3 desta segunda, [&hellip;]<\/p>\n","protected":false},"author":2,"featured_media":10573,"comment_status":"","ping_status":"","sticky":false,"template":"","format":"standard","meta":{"footnotes":""},"categories":[3],"tags":[],"class_list":["post-10574","post","type-post","status-publish","format-standard","has-post-thumbnail","hentry","category-noticias"],"_links":{"self":[{"href":"https:\/\/hostnetart.com.br\/baixada\/wp-json\/wp\/v2\/posts\/10574","targetHints":{"allow":["GET"]}}],"collection":[{"href":"https:\/\/hostnetart.com.br\/baixada\/wp-json\/wp\/v2\/posts"}],"about":[{"href":"https:\/\/hostnetart.com.br\/baixada\/wp-json\/wp\/v2\/types\/post"}],"author":[{"embeddable":true,"href":"https:\/\/hostnetart.com.br\/baixada\/wp-json\/wp\/v2\/users\/2"}],"replies":[{"embeddable":true,"href":"https:\/\/hostnetart.com.br\/baixada\/wp-json\/wp\/v2\/comments?post=10574"}],"version-history":[{"count":0,"href":"https:\/\/hostnetart.com.br\/baixada\/wp-json\/wp\/v2\/posts\/10574\/revisions"}],"wp:featuredmedia":[{"embeddable":true,"href":"https:\/\/hostnetart.com.br\/baixada\/wp-json\/wp\/v2\/media\/10573"}],"wp:attachment":[{"href":"https:\/\/hostnetart.com.br\/baixada\/wp-json\/wp\/v2\/media?parent=10574"}],"wp:term":[{"taxonomy":"category","embeddable":true,"href":"https:\/\/hostnetart.com.br\/baixada\/wp-json\/wp\/v2\/categories?post=10574"},{"taxonomy":"post_tag","embeddable":true,"href":"https:\/\/hostnetart.com.br\/baixada\/wp-json\/wp\/v2\/tags?post=10574"}],"curies":[{"name":"wp","href":"https:\/\/api.w.org\/{rel}","templated":true}]}}