{"id":10570,"date":"2021-03-08T13:36:18","date_gmt":"2021-03-08T16:36:18","guid":{"rendered":"https:\/\/hostnetart.com.br\/baixada\/assembleia-que-ira-deliberar-sobre-aprovacao-do-acordo-coletivo-de-trabalho-emergencial-pandemia-covid-19-do-bb-sera-nesta-quarta-10\/"},"modified":"2021-03-08T13:36:18","modified_gmt":"2021-03-08T16:36:18","slug":"assembleia-que-ira-deliberar-sobre-aprovacao-do-acordo-coletivo-de-trabalho-emergencial-pandemia-covid-19-do-bb-sera-nesta-quarta-10","status":"publish","type":"post","link":"https:\/\/hostnetart.com.br\/baixada\/assembleia-que-ira-deliberar-sobre-aprovacao-do-acordo-coletivo-de-trabalho-emergencial-pandemia-covid-19-do-bb-sera-nesta-quarta-10\/","title":{"rendered":"Assembleia que ir\u00e1 deliberar sobre aprova\u00e7\u00e3o do Acordo Coletivo de Trabalho Emergencial (Pandemia COVID-19) do BB  ser\u00e1 nesta quarta (10)"},"content":{"rendered":"<div>\n<p><span data-offset-key=\"etst2-0-0\">Funcion\u00e1rias e funcion\u00e1rios do Banco do Brasil ir\u00e3o deliberar, em assembleia virtual, nesta quarta-feira (10 de mar\u00e7o),\u00a0a renova\u00e7\u00e3o do\u00a0<a href=\"https:\/\/contrafcut.com.br\/noticias\/contraf-cut-orienta-trabalhadores-do-banco-do-brasil-a-aprovarem-proposta\">Acordo Coletivo de Trabalho Emergencial (Pandemia Covid-19)<\/a>, que prev\u00ea o n\u00e3o descomissionamento por desempenho enquanto durar a pandemia; anistia de 10% do saldo total de horas negativas a compensar e prazo de compensa\u00e7\u00e3o de horas negativas de 18 meses. O acordo em vig\u00eancia venceria no \u00faltimo dia de 2020, mas foi\u00a0<a href=\"https:\/\/portal.stf.jus.br\/noticias\/verNoticiaDetalhe.asp?idConteudo=457989&amp;ori=1\">estendido por conta da uma liminar do Supremo Tribunal Federal (STF)<\/a>, que prorrogou o Estado de Pandemia.\u00a0<\/span><\/p>\n<p>A assembleia ocorrer\u00e1 das 8h at\u00e9 as 20h.<\/p>\n<p>IMPORTANTE: O\u00a0Comando Nacional dos Banc\u00e1rios indica a aprova\u00e7\u00e3o nas assembleias em todo o pa\u00eds.<\/p>\n<div class=\"\" data-block=\"true\" data-editor=\"cpevg\" data-offset-key=\"etst2-0-0\">Para votar e participar, basta acessar o link de vota\u00e7\u00e3o:\u00a0<a href=\"https:\/\/bancarios.votabem.com.br\/\">https:\/\/bancarios.votabem.com.br\/<\/a><\/div>\n<div class=\"\" data-block=\"true\" data-editor=\"cpevg\" data-offset-key=\"8rmga-0-0\">\n<div class=\"_1mf _1mj\" data-offset-key=\"8rmga-0-0\">\u00a0<\/div>\n<div class=\"_1mf _1mj\" data-offset-key=\"8rmga-0-0\">O link estar\u00e1, tamb\u00e9m, dispon\u00edvel em nosso site (<a href=\"http:\/\/www.bancariosbaixada.org.br\/\">http:\/\/www.bancariosbaixada.org.br\/<\/a>)<\/div>\n<\/div>\n<\/div>\n<div>\u00a0<\/div>\n<div>\u00a0<\/div>\n<div class=\"adL\">\u00a0<\/div>\n","protected":false},"excerpt":{"rendered":"<p>Funcion\u00e1rias e funcion\u00e1rios do Banco do Brasil ir\u00e3o deliberar, em assembleia virtual, nesta quarta-feira (10 de mar\u00e7o),\u00a0a renova\u00e7\u00e3o do\u00a0Acordo Coletivo de Trabalho Emergencial (Pandemia Covid-19), que prev\u00ea o n\u00e3o descomissionamento por desempenho enquanto durar a pandemia; anistia de 10% do saldo total de horas negativas a compensar e prazo de compensa\u00e7\u00e3o de horas negativas de [&hellip;]<\/p>\n","protected":false},"author":2,"featured_media":10569,"comment_status":"","ping_status":"","sticky":false,"template":"","format":"standard","meta":{"footnotes":""},"categories":[3],"tags":[],"class_list":["post-10570","post","type-post","status-publish","format-standard","has-post-thumbnail","hentry","category-noticias"],"_links":{"self":[{"href":"https:\/\/hostnetart.com.br\/baixada\/wp-json\/wp\/v2\/posts\/10570","targetHints":{"allow":["GET"]}}],"collection":[{"href":"https:\/\/hostnetart.com.br\/baixada\/wp-json\/wp\/v2\/posts"}],"about":[{"href":"https:\/\/hostnetart.com.br\/baixada\/wp-json\/wp\/v2\/types\/post"}],"author":[{"embeddable":true,"href":"https:\/\/hostnetart.com.br\/baixada\/wp-json\/wp\/v2\/users\/2"}],"replies":[{"embeddable":true,"href":"https:\/\/hostnetart.com.br\/baixada\/wp-json\/wp\/v2\/comments?post=10570"}],"version-history":[{"count":0,"href":"https:\/\/hostnetart.com.br\/baixada\/wp-json\/wp\/v2\/posts\/10570\/revisions"}],"wp:featuredmedia":[{"embeddable":true,"href":"https:\/\/hostnetart.com.br\/baixada\/wp-json\/wp\/v2\/media\/10569"}],"wp:attachment":[{"href":"https:\/\/hostnetart.com.br\/baixada\/wp-json\/wp\/v2\/media?parent=10570"}],"wp:term":[{"taxonomy":"category","embeddable":true,"href":"https:\/\/hostnetart.com.br\/baixada\/wp-json\/wp\/v2\/categories?post=10570"},{"taxonomy":"post_tag","embeddable":true,"href":"https:\/\/hostnetart.com.br\/baixada\/wp-json\/wp\/v2\/tags?post=10570"}],"curies":[{"name":"wp","href":"https:\/\/api.w.org\/{rel}","templated":true}]}}