{"id":10568,"date":"2021-03-08T11:18:21","date_gmt":"2021-03-08T14:18:21","guid":{"rendered":"https:\/\/hostnetart.com.br\/baixada\/8-de-marco-dia-internacional-da-mulher-um-dia-politico\/"},"modified":"2021-03-08T11:18:21","modified_gmt":"2021-03-08T14:18:21","slug":"8-de-marco-dia-internacional-da-mulher-um-dia-politico","status":"publish","type":"post","link":"https:\/\/hostnetart.com.br\/baixada\/8-de-marco-dia-internacional-da-mulher-um-dia-politico\/","title":{"rendered":"8 de mar\u00e7o &#8211; Dia Internacional da Mulher. Um dia pol\u00edtico."},"content":{"rendered":"<p>8 de mar\u00e7o \u00e9 o dia que as mulheres pela luta que travaram, desde sempre, por respeito, direitos, mais dignidade e igualdade.\u00a0<\/p>\n<p>Mas tamb\u00e9m \u00e9 dia de lembrar\u00a0das que n\u00e3o est\u00e3o, porque lhes tiraram a vida. Dia de lembrar das que vieram antes e lutaram para que as mulheres pudessem votar, dirigir, trabalhar fora, se candidatar na pol\u00edtica, ou escolher outros destinos. Dia em que lembrar das mulheres que lutam\u00a0para que as que ainda vir\u00e3o, possam crescer e viver livres. Dia de refor\u00e7ar que a viol\u00eancia de g\u00eanero mata todos os dias, e que \u00e9 necess\u00e1rio e urgente o seu fim.<\/p>\n<p>Apesar de muitos direitos j\u00e1 terem sido conquistados, ainda h\u00e1 muitos a serem reivindicados. Atualmente, as mulheres ainda t\u00eam que lutar contra os retrocessos promovidos pelo governo que, com sua pol\u00edtica negacionista, mis\u00f3gina e seu discurso conservador, tamb\u00e9m amea\u00e7a v\u00e1rios direitos t\u00e3o duramente conquistados pelas mulheres, al\u00e9m de aprofundar a mis\u00e9ria e a fome em nosso pa\u00eds.<\/p>\n<p>Por isso,\u00a0\u00e9 fundamental que todas as mulheres, dadas as restri\u00e7\u00f5es que exige o momento, estejam engajadas na luta para impedir que as desigualdades n\u00e3o mais se aprofundem e que n\u00e3o tenhamos retrocessos.<\/p>\n<p><strong>MOBILIZA\u00c7\u00d5ES<\/strong><\/p>\n<p>Neste m\u00eas de mar\u00e7o, as banc\u00e1rias estar\u00e3o engajadas em v\u00e1rias a\u00e7\u00f5es para organizar a luta, neste momento em que a pandemia aprofunda a viol\u00eancia vivida pelas mulheres em seus lares e nas rela\u00e7\u00f5es de trabalho. A estrat\u00e9gia ser\u00e1 organizar junto com outras categorias, atrav\u00e9s da Central \u00danica dos Trabalhadores (CUT), uma s\u00e9rie de a\u00e7\u00f5es para marcar o M\u00eas da Mulher, como mobiliza\u00e7\u00f5es reivindicando o fim da viol\u00eancia, vacina\u00e7\u00e3o j\u00e1 e emprego decente.<\/p>\n<p>A import\u00e2ncia da vacina\u00e7\u00e3o, principalmente para as mulheres, tamb\u00e9m deve ser destacada. Elas s\u00e3o maioria entre os trabalhadores da sa\u00fade. E s\u00e3o elas que cuidam das crian\u00e7as e dos idosos. O Mar\u00e7o de Luta vai destacar a import\u00e2ncia do emprego decente para as mulheres, na luta contra a mis\u00e9ria e a pobreza que atinge o nosso pa\u00eds. A maioria das mulheres est\u00e1 desempregada, muitas est\u00e3o em trabalhos informais, completamente precarizados. \u00c9 necess\u00e1rio mostrar que as mulheres est\u00e3o se mobilizando em todo o pa\u00eds em torno das pautas feministas.<\/p>\n<p>\u00a0<\/p>\n","protected":false},"excerpt":{"rendered":"<p>8 de mar\u00e7o \u00e9 o dia que as mulheres pela luta que travaram, desde sempre, por respeito, direitos, mais dignidade e igualdade.\u00a0 Mas tamb\u00e9m \u00e9 dia de lembrar\u00a0das que n\u00e3o est\u00e3o, porque lhes tiraram a vida. Dia de lembrar das que vieram antes e lutaram para que as mulheres pudessem votar, dirigir, trabalhar fora, se [&hellip;]<\/p>\n","protected":false},"author":2,"featured_media":10567,"comment_status":"","ping_status":"","sticky":false,"template":"","format":"standard","meta":{"footnotes":""},"categories":[3],"tags":[],"class_list":["post-10568","post","type-post","status-publish","format-standard","has-post-thumbnail","hentry","category-noticias"],"_links":{"self":[{"href":"https:\/\/hostnetart.com.br\/baixada\/wp-json\/wp\/v2\/posts\/10568","targetHints":{"allow":["GET"]}}],"collection":[{"href":"https:\/\/hostnetart.com.br\/baixada\/wp-json\/wp\/v2\/posts"}],"about":[{"href":"https:\/\/hostnetart.com.br\/baixada\/wp-json\/wp\/v2\/types\/post"}],"author":[{"embeddable":true,"href":"https:\/\/hostnetart.com.br\/baixada\/wp-json\/wp\/v2\/users\/2"}],"replies":[{"embeddable":true,"href":"https:\/\/hostnetart.com.br\/baixada\/wp-json\/wp\/v2\/comments?post=10568"}],"version-history":[{"count":0,"href":"https:\/\/hostnetart.com.br\/baixada\/wp-json\/wp\/v2\/posts\/10568\/revisions"}],"wp:featuredmedia":[{"embeddable":true,"href":"https:\/\/hostnetart.com.br\/baixada\/wp-json\/wp\/v2\/media\/10567"}],"wp:attachment":[{"href":"https:\/\/hostnetart.com.br\/baixada\/wp-json\/wp\/v2\/media?parent=10568"}],"wp:term":[{"taxonomy":"category","embeddable":true,"href":"https:\/\/hostnetart.com.br\/baixada\/wp-json\/wp\/v2\/categories?post=10568"},{"taxonomy":"post_tag","embeddable":true,"href":"https:\/\/hostnetart.com.br\/baixada\/wp-json\/wp\/v2\/tags?post=10568"}],"curies":[{"name":"wp","href":"https:\/\/api.w.org\/{rel}","templated":true}]}}