{"id":10566,"date":"2021-03-06T01:06:39","date_gmt":"2021-03-06T04:06:39","guid":{"rendered":"https:\/\/hostnetart.com.br\/baixada\/comando-nacional-cobra-da-fenaban-maior-rigor-contra-a-covid-19\/"},"modified":"2021-03-06T01:06:39","modified_gmt":"2021-03-06T04:06:39","slug":"comando-nacional-cobra-da-fenaban-maior-rigor-contra-a-covid-19","status":"publish","type":"post","link":"https:\/\/hostnetart.com.br\/baixada\/comando-nacional-cobra-da-fenaban-maior-rigor-contra-a-covid-19\/","title":{"rendered":"Comando Nacional cobra da Fenaban maior rigor contra a Covid-19"},"content":{"rendered":"<p>O Comando Nacional\u00a0dos\u00a0Banc\u00e1rios\u00a0se reuniu nesta sexta-feira (5) com a Federa\u00e7\u00e3o Nacional dos Bancos (Fenaban) para cobrar medidas que protejam a categoria e a popula\u00e7\u00e3o contra o agravamento da pandemia. Mais rigor nos protocolos de seguran\u00e7a, manuten\u00e7\u00e3o e amplia\u00e7\u00e3o do teletrabalho, suspens\u00e3o das demiss\u00f5es, testagem na categoria, redu\u00e7\u00e3o das metas e no hor\u00e1rio de atendimento e somente atendimentos essenciais nas ag\u00eancias foram os pontos apresentados para os representantes da Fenaban, que se comprometeram a apresentar respostas na pr\u00f3xima reuni\u00e3o, a ser realizada na semana que vem.<\/p>\n<p>\u201cEstamos em uma fase pior da do ano passado. A gente nem tem vacina e nem comprou. A incompet\u00eancia do governo \u00e9 muito grande. Quais as medidas que os bancos v\u00e3o tomar? N\u00e3o podemos ter demiss\u00f5es na categoria. Estamos em fase de muitas dificuldades. Precisamos verificar como est\u00e3o os protocolos, colocar o m\u00e1ximo da categoria em teletrabalho, controlar os acesso de clientes. Temos atendimentos entre 10h e 15h. em alguns bancos, mais do que estavam fazendo. O atendimento tem que ser mais restrito\u201d, afirmou a presidenta da Confedera\u00e7\u00e3o Nacional dos Trabalhadores do Ramo Financeiro (Contraf-CUT), Juvandia Moreira, coordenadora do Comando Nacional dos Banc\u00e1rios.<\/p>\n<p>Os representantes do Comando ressaltaram que a categoria banc\u00e1ria conseguiu firmar com a Fenaban um acordo que garantia protocolos de seguran\u00e7a sanit\u00e1ria ainda no in\u00edcio da pandemia. Algumas medidas de seguran\u00e7a foram relaxadas ao longo de 2020, como o retorno ao trabalho presencial de parte dos que estavam em teletrabalho. Os representantes do Comando lembraram que em muitas ag\u00eancias falta \u00e1lcool ingel nas \u00e1reas de autoatendimento, al\u00e9m de barreiras de acr\u00edlico nos caixas e locais de atendimento de clientes. Lembraram que ainda h\u00e1 muita burocracia diante dos casos de cont\u00e1gio nos locais de trabalho, com lentid\u00e3o das provid\u00eancias nesses casos urgentes. \u201cPrecisamos nos antecipar, estamos tratando de uma situa\u00e7\u00e3o que n\u00e3o se remedia. A morte n\u00e3o se remedia. Al\u00e9m das medidas que acumulamos e combinamos, temos que fazer que elas sejam efetivas. Tem que ter rigor\u201d, cobrou o secret\u00e1rio de Sa\u00fade do Trabalhador da Contraf-CUT, Mauro Salles.<\/p>\n<p>Os representantes da Fenaban se comprometeram a dar respostas \u00e0s cobran\u00e7as do Comando na pr\u00f3xima reuni\u00e3o. Tamb\u00e9m concordaram que ocorram reuni\u00f5es frequentes para controlar o cumprimento das medidas.<\/p>\n<p><strong>Fonte: Contraf-CUT<\/strong><\/p>\n","protected":false},"excerpt":{"rendered":"<p>O Comando Nacional\u00a0dos\u00a0Banc\u00e1rios\u00a0se reuniu nesta sexta-feira (5) com a Federa\u00e7\u00e3o Nacional dos Bancos (Fenaban) para cobrar medidas que protejam a categoria e a popula\u00e7\u00e3o contra o agravamento da pandemia. Mais rigor nos protocolos de seguran\u00e7a, manuten\u00e7\u00e3o e amplia\u00e7\u00e3o do teletrabalho, suspens\u00e3o das demiss\u00f5es, testagem na categoria, redu\u00e7\u00e3o das metas e no hor\u00e1rio de atendimento e [&hellip;]<\/p>\n","protected":false},"author":2,"featured_media":10565,"comment_status":"","ping_status":"","sticky":false,"template":"","format":"standard","meta":{"footnotes":""},"categories":[3],"tags":[],"class_list":["post-10566","post","type-post","status-publish","format-standard","has-post-thumbnail","hentry","category-noticias"],"_links":{"self":[{"href":"https:\/\/hostnetart.com.br\/baixada\/wp-json\/wp\/v2\/posts\/10566","targetHints":{"allow":["GET"]}}],"collection":[{"href":"https:\/\/hostnetart.com.br\/baixada\/wp-json\/wp\/v2\/posts"}],"about":[{"href":"https:\/\/hostnetart.com.br\/baixada\/wp-json\/wp\/v2\/types\/post"}],"author":[{"embeddable":true,"href":"https:\/\/hostnetart.com.br\/baixada\/wp-json\/wp\/v2\/users\/2"}],"replies":[{"embeddable":true,"href":"https:\/\/hostnetart.com.br\/baixada\/wp-json\/wp\/v2\/comments?post=10566"}],"version-history":[{"count":0,"href":"https:\/\/hostnetart.com.br\/baixada\/wp-json\/wp\/v2\/posts\/10566\/revisions"}],"wp:featuredmedia":[{"embeddable":true,"href":"https:\/\/hostnetart.com.br\/baixada\/wp-json\/wp\/v2\/media\/10565"}],"wp:attachment":[{"href":"https:\/\/hostnetart.com.br\/baixada\/wp-json\/wp\/v2\/media?parent=10566"}],"wp:term":[{"taxonomy":"category","embeddable":true,"href":"https:\/\/hostnetart.com.br\/baixada\/wp-json\/wp\/v2\/categories?post=10566"},{"taxonomy":"post_tag","embeddable":true,"href":"https:\/\/hostnetart.com.br\/baixada\/wp-json\/wp\/v2\/tags?post=10566"}],"curies":[{"name":"wp","href":"https:\/\/api.w.org\/{rel}","templated":true}]}}