{"id":10562,"date":"2021-03-05T13:14:19","date_gmt":"2021-03-05T16:14:19","guid":{"rendered":"https:\/\/hostnetart.com.br\/baixada\/acoes-das-bancarias-vao-marcar-o-mes-da-mulher\/"},"modified":"2021-03-05T13:14:19","modified_gmt":"2021-03-05T16:14:19","slug":"acoes-das-bancarias-vao-marcar-o-mes-da-mulher","status":"publish","type":"post","link":"https:\/\/hostnetart.com.br\/baixada\/acoes-das-bancarias-vao-marcar-o-mes-da-mulher\/","title":{"rendered":"A\u00e7\u00f5es das banc\u00e1rias v\u00e3o marcar o M\u00eas da Mulher"},"content":{"rendered":"<p>Neste m\u00eas de mar\u00e7o, as bancarias estar\u00e3o engajadas em v\u00e1rias a\u00e7\u00f5es para organizar a luta, neste momento em que a pandemia aprofunda a viol\u00eancia vivida pelas mulheres em seus lares e nas rela\u00e7\u00f5es de trabalho. A estrat\u00e9gia ser\u00e1 organizar junto com outras categorias, atrav\u00e9s da Central \u00danica dos Trabalhadores (CUT), uma s\u00e9rie de a\u00e7\u00f5es para marcar o M\u00eas da Mulher. Na Confedera\u00e7\u00e3o Nacional dos Trabalhadores do Ramo Financeiro (Contraf-CUT), as atividades ser\u00e3o organizadas pela Secretaria de Mulheres. S\u00e3o mobiliza\u00e7\u00f5es reivindicando o fim da viol\u00eancia, vacina\u00e7\u00e3o j\u00e1 e emprego decente.<\/p>\n<p>\u201cSer\u00e3o manifesta\u00e7\u00f5es descentralizadas com atos em diversas cidades. Vamos ter a\u00e7\u00f5es de identidade visual, com as mulheres colocando len\u00e7os lilases nas janelas. Para as banc\u00e1rias de grupo de risco e que precisam ficar no isolamento, pedimos que elas se envolvam nas atividades das redes sociais. Uma delas ser\u00e1 o tuita\u00e7o que vamos fazer no 8 de Mar\u00e7o\u201d, explicou a secret\u00e1ria de Mulheres da Contraf-CUT, Elaine Cutis. \u201cEst\u00e3o programados tamb\u00e9m um v\u00eddeo da campanha e outras a\u00e7\u00f5es nas redes sociais. O esfor\u00e7o da secretaria \u00e9 ampliar as manifesta\u00e7\u00f5es e atos que ser\u00e3o realizados ao longo do m\u00eas\u201d, explicou.<\/p>\n<p><strong>Tuita\u00e7o<\/strong><\/p>\n<p>O tuita\u00e7o ser\u00e1 realizado na segunda-feira, 8 de Mar\u00e7o, \u00e0s 12h. A hashtag \u00e9 #MulheresNaLutaPelaVida. Al\u00e9m do tuita\u00e7o, outra atividade \u00e9 a de colocar len\u00e7os lilases nas janelas das resid\u00eancias. As atividades marcam uma hist\u00f3ria de lutas da categoria. \u201cA categoria banc\u00e1ria sempre teve um forte protagonismo na luta em defesa dos direitos das mulheres. Fomos a primeira categoria que conquistou, em negocia\u00e7\u00e3o com o setor patronal, uma clausula sobre igualdade de oportunidades. Temos uma mesa de negocia\u00e7\u00e3o espec\u00edfica e permanente, onde debatemos de forma cotidiana quest\u00f5es relativas ao direito das mulheres. A mais recente conquista, o canal de combate \u00e0 viol\u00eancia dom\u00e9stica, mostrou o alto volume de mulheres que buscaram aux\u00edlio neste momento de pandemia. Isso aumenta nossa responsabilidade de aprimorar e ampliar este importante instrumento de apoio e den\u00fancia\u201d, afirmou a secret\u00e1ria da Mulher da Contraf-CUT.<\/p>\n<p>Elaine Cutis tamb\u00e9m destaca as dificuldades enfrentadas com o governo Bolsonaro. \u201cO atual governo, com sua pol\u00edtica negacionista, mis\u00f3gina e seu discurso conservador, tamb\u00e9m amea\u00e7a v\u00e1rios direitos t\u00e3o duramente conquistados pelas mulheres, al\u00e9m de aprofundar a mis\u00e9ria e a fome em nosso pa\u00eds\u201d, ressaltou a secret\u00e1ria. Para Elaine, \u00e9 fundamental que todas as mulheres, dadas as restri\u00e7\u00f5es que exige o momento, estejam engajadas na luta para impedir que as desigualdades n\u00e3o mais se aprofundem e que n\u00e3o tenhamos retrocessos.<\/p>\n<p><strong>Plen\u00e1ria<\/strong><\/p>\n<p>Na sexta-feira passada (26\/02), a Secretaria de Mulheres da Contraf-CUT organizou uma plen\u00e1ria virtual com banc\u00e1rias para discutir as atividades do m\u00eas. Tamb\u00e9m participaram a presidenta da Contraf-CUT, Juvandia Moreira, al\u00e9m de presidentas de sindicatos e federa\u00e7\u00f5es banc\u00e1rias de todo o pa\u00eds. Estiveram presentes, ainda, a deputada federa \u00c9rika Kokay (PT-DF) e a deputada estadual Beatriz Cerqueira (PT-MG). \u00c9rika foi a primeira presidenta de um sindicato da categoria no pa\u00eds e Beatriz, a primeira presidenta da CUT de Minas Gerais.<\/p>\n<p>\u201cA plen\u00e1ria destacou a import\u00e2ncia da vacina\u00e7\u00e3o, principalmente para as mulheres. S\u00e3o elas que s\u00e3o em maior n\u00famero entre os trabalhadores da sa\u00fade, s\u00e3o elas que cuidam das crian\u00e7as e dos idosos. O Mar\u00e7o de Luta vai destacar a import\u00e2ncia do emprego decente para as mulheres, na luta contra a mis\u00e9ria e a pobreza que atinge o nosso pa\u00eds. A maioria das mulheres est\u00e1 desempregada, muitas est\u00e3o em trabalhos informais, completamente precarizados. A Contraf-CUT vai mostrar que as mulheres est\u00e3o se mobilizando em todo o pa\u00eds em torno das pautas feministas\u201d, disse a secret\u00e1ria da Mulher da Contraf-CUT.<\/p>\n<p><span style=\"text-decoration: underline;\"><strong>Fonte: Contraf-CUT<\/strong><\/span><\/p>\n","protected":false},"excerpt":{"rendered":"<p>Neste m\u00eas de mar\u00e7o, as bancarias estar\u00e3o engajadas em v\u00e1rias a\u00e7\u00f5es para organizar a luta, neste momento em que a pandemia aprofunda a viol\u00eancia vivida pelas mulheres em seus lares e nas rela\u00e7\u00f5es de trabalho. A estrat\u00e9gia ser\u00e1 organizar junto com outras categorias, atrav\u00e9s da Central \u00danica dos Trabalhadores (CUT), uma s\u00e9rie de a\u00e7\u00f5es para [&hellip;]<\/p>\n","protected":false},"author":2,"featured_media":10561,"comment_status":"","ping_status":"","sticky":false,"template":"","format":"standard","meta":{"footnotes":""},"categories":[3],"tags":[],"class_list":["post-10562","post","type-post","status-publish","format-standard","has-post-thumbnail","hentry","category-noticias"],"_links":{"self":[{"href":"https:\/\/hostnetart.com.br\/baixada\/wp-json\/wp\/v2\/posts\/10562","targetHints":{"allow":["GET"]}}],"collection":[{"href":"https:\/\/hostnetart.com.br\/baixada\/wp-json\/wp\/v2\/posts"}],"about":[{"href":"https:\/\/hostnetart.com.br\/baixada\/wp-json\/wp\/v2\/types\/post"}],"author":[{"embeddable":true,"href":"https:\/\/hostnetart.com.br\/baixada\/wp-json\/wp\/v2\/users\/2"}],"replies":[{"embeddable":true,"href":"https:\/\/hostnetart.com.br\/baixada\/wp-json\/wp\/v2\/comments?post=10562"}],"version-history":[{"count":0,"href":"https:\/\/hostnetart.com.br\/baixada\/wp-json\/wp\/v2\/posts\/10562\/revisions"}],"wp:featuredmedia":[{"embeddable":true,"href":"https:\/\/hostnetart.com.br\/baixada\/wp-json\/wp\/v2\/media\/10561"}],"wp:attachment":[{"href":"https:\/\/hostnetart.com.br\/baixada\/wp-json\/wp\/v2\/media?parent=10562"}],"wp:term":[{"taxonomy":"category","embeddable":true,"href":"https:\/\/hostnetart.com.br\/baixada\/wp-json\/wp\/v2\/categories?post=10562"},{"taxonomy":"post_tag","embeddable":true,"href":"https:\/\/hostnetart.com.br\/baixada\/wp-json\/wp\/v2\/tags?post=10562"}],"curies":[{"name":"wp","href":"https:\/\/api.w.org\/{rel}","templated":true}]}}