{"id":10560,"date":"2021-03-05T13:12:29","date_gmt":"2021-03-05T16:12:29","guid":{"rendered":"https:\/\/hostnetart.com.br\/baixada\/em-dia-de-mobilizacao-nacional-cut-faz-panfletagem-por-auxilio-emergencial\/"},"modified":"2021-03-05T13:12:29","modified_gmt":"2021-03-05T16:12:29","slug":"em-dia-de-mobilizacao-nacional-cut-faz-panfletagem-por-auxilio-emergencial","status":"publish","type":"post","link":"https:\/\/hostnetart.com.br\/baixada\/em-dia-de-mobilizacao-nacional-cut-faz-panfletagem-por-auxilio-emergencial\/","title":{"rendered":"Em dia de mobiliza\u00e7\u00e3o nacional, CUT faz panfletagem por aux\u00edlio emergencial"},"content":{"rendered":"<div class=\"the-content\">\n<p>A CUT e outras centrais sindicais realizam, nesta quinta-feira (4),\u00a0<a href=\"https:\/\/www.redebrasilatual.com.br\/trabalho\/2021\/03\/centrais-sindicais-manifestacoes-auxilio-emprego-vacina\/\" target=\"_blank\" rel=\"noopener noreferrer\">mobiliza\u00e7\u00f5es pelo pa\u00eds<\/a>\u00a0em defesa do aux\u00edlio emergencial (de R$ 600), pela institui\u00e7\u00e3o de um plano nacional de vacina\u00e7\u00e3o e por medidas de prote\u00e7\u00e3o ao emprego. Desde a manh\u00e3 de hoje, diversos trabalhadores realizam panfletagem e conversam com a popula\u00e7\u00e3o sobre a necessidade de pol\u00edticas p\u00fablicas.<\/p>\n<p>Em S\u00e3o Bernardo do Campo, no ABC Paulista, a panfletagem do Sindicato Metal\u00fargicos do ABC foi realizada no Terminal Ferraz\u00f3polis, e contou com a participa\u00e7\u00e3o do presidente da CUT, S\u00e9rgio Nobre. No Terminal Diadema tamb\u00e9m houve conversa e di\u00e1logo com os trabalhadores que passavam.<\/p>\n<p>O presidente da CUT afirma que o dia \u00e9 de mobiliza\u00e7\u00e3o pelo aux\u00edlio emergencial, mas com responsabilidade, usando m\u00e1scaras e sem aglomera\u00e7\u00f5es. \u201cSomos respons\u00e1veis e temos de conversar com a popula\u00e7\u00e3o, al\u00e9m dos locais de trabalho, porque o povo esta nas ruas. Vamos informar e denunciar o que est\u00e1 acontecendo no Brasil, dizer que o auxilio emergencial que o governo quer n\u00e3o compra nem metade de uma cesta b\u00e1sica, n\u00e3o garante a sobreviv\u00eancia durante a pandemia. Vacina j\u00e1 para todos e aux\u00edlio de R$ 600 para pa\u00eds superar a crise sanit\u00e1ria e o Brasil voltar a crescer e gerar empregos\u201d, disse, nas\u00a0<a href=\"https:\/\/web.facebook.com\/670475226358737\/posts\/5274675222605358\/?sfnsn=wiwspmo&amp;_rdc=1&amp;_rdr\" target=\"_blank\" rel=\"noopener noreferrer\">redes sociais<\/a>.<\/p>\n<p>Na capital paulista tamb\u00e9m houve mobiliza\u00e7\u00f5es das centrais sindicais em portas de f\u00e1bricas. Al\u00e9m disso, l\u00edderes e militantes sindicais realizaram atos logo cedo, por volta de 5h, nas esta\u00e7\u00f5es do Br\u00e1s e da Luz, \u00e1reas de grande concentra\u00e7\u00e3o na regi\u00e3o central, e nos terminais de \u00f4nibus da Lapa (zona oeste) e de Santo Amaro (zona sul).<\/p>\n<p>Ainda em S\u00e3o Paulo, banc\u00e1rios e petroleiros t\u00eam atividades programadas para o per\u00edodo da tarde. A Federa\u00e7\u00e3o \u00danica dos Petroleiros (FUP) participa de \u201cabastecimento solid\u00e1rio\u201d \u00e0s 13h em um posto na regi\u00e3o central. O objetivo \u00e9 denunciar a pol\u00edtica de pre\u00e7os da Petrobras e seu efeito negativo para a popula\u00e7\u00e3o.<\/p>\n<\/div>\n<div class=\"column large-12 small-12 no-padding\">\n<div class=\"post-content--tags\">\n<div class=\"post-content--section-title fz-14 mr-15\"><strong>Fonte: Rede Brasil Atual<\/strong><\/div>\n<\/div>\n<\/div>\n","protected":false},"excerpt":{"rendered":"<p>A CUT e outras centrais sindicais realizam, nesta quinta-feira (4),\u00a0mobiliza\u00e7\u00f5es pelo pa\u00eds\u00a0em defesa do aux\u00edlio emergencial (de R$ 600), pela institui\u00e7\u00e3o de um plano nacional de vacina\u00e7\u00e3o e por medidas de prote\u00e7\u00e3o ao emprego. Desde a manh\u00e3 de hoje, diversos trabalhadores realizam panfletagem e conversam com a popula\u00e7\u00e3o sobre a necessidade de pol\u00edticas p\u00fablicas. Em [&hellip;]<\/p>\n","protected":false},"author":2,"featured_media":10559,"comment_status":"","ping_status":"","sticky":false,"template":"","format":"standard","meta":{"footnotes":""},"categories":[3],"tags":[],"class_list":["post-10560","post","type-post","status-publish","format-standard","has-post-thumbnail","hentry","category-noticias"],"_links":{"self":[{"href":"https:\/\/hostnetart.com.br\/baixada\/wp-json\/wp\/v2\/posts\/10560","targetHints":{"allow":["GET"]}}],"collection":[{"href":"https:\/\/hostnetart.com.br\/baixada\/wp-json\/wp\/v2\/posts"}],"about":[{"href":"https:\/\/hostnetart.com.br\/baixada\/wp-json\/wp\/v2\/types\/post"}],"author":[{"embeddable":true,"href":"https:\/\/hostnetart.com.br\/baixada\/wp-json\/wp\/v2\/users\/2"}],"replies":[{"embeddable":true,"href":"https:\/\/hostnetart.com.br\/baixada\/wp-json\/wp\/v2\/comments?post=10560"}],"version-history":[{"count":0,"href":"https:\/\/hostnetart.com.br\/baixada\/wp-json\/wp\/v2\/posts\/10560\/revisions"}],"wp:featuredmedia":[{"embeddable":true,"href":"https:\/\/hostnetart.com.br\/baixada\/wp-json\/wp\/v2\/media\/10559"}],"wp:attachment":[{"href":"https:\/\/hostnetart.com.br\/baixada\/wp-json\/wp\/v2\/media?parent=10560"}],"wp:term":[{"taxonomy":"category","embeddable":true,"href":"https:\/\/hostnetart.com.br\/baixada\/wp-json\/wp\/v2\/categories?post=10560"},{"taxonomy":"post_tag","embeddable":true,"href":"https:\/\/hostnetart.com.br\/baixada\/wp-json\/wp\/v2\/tags?post=10560"}],"curies":[{"name":"wp","href":"https:\/\/api.w.org\/{rel}","templated":true}]}}