{"id":1056,"date":"2014-04-28T00:00:00","date_gmt":"2014-04-28T03:00:00","guid":{"rendered":"https:\/\/hostnetart.com.br\/baixada\/assedio-moral-supera-ler-dort-em-afastamentos-de-bancarios-no-inss\/"},"modified":"2014-04-28T00:00:00","modified_gmt":"2014-04-28T03:00:00","slug":"assedio-moral-supera-ler-dort-em-afastamentos-de-bancarios-no-inss","status":"publish","type":"post","link":"https:\/\/hostnetart.com.br\/baixada\/assedio-moral-supera-ler-dort-em-afastamentos-de-bancarios-no-inss\/","title":{"rendered":"Ass\u00e9dio moral supera LER\/Dort em afastamentos de banc\u00e1rios no INSS"},"content":{"rendered":"<p>Os banc\u00e1rios est\u00e3o se afastando mais por doen\u00e7as mentais que por LER\/Dort (Les\u00f5es por Esfor\u00e7os Repetitivos e Dist\u00farbios Osteomusculares Relacionados ao Trabalho), segundo estat\u00edsticas do Minist\u00e9rio da Previd\u00eancia Social. O fato \u00e9 in\u00e9dito e demonstra que o ass\u00e9dio moral e as metas abusivas impactam diretamente na sa\u00fade do banc\u00e1rio, causando preju\u00edzos profissionais, familiares e para toda a sociedade.<\/p>\n<p>Ass\u00e9dio moral \u00e9 o tema escolhido pelo movimento sindical, dentre eles a CUT (Central \u00danica dos Trabalhadores), para o Dia Mundial em Mem\u00f3ria das V\u00edtimas de Acidentes e Doen\u00e7as do Trabalho, 28 de abril. Com o slogan \u201cAss\u00e9dio moral no trabalho e viol\u00eancia organizacional adoecem e podem matar!\u201d, o objetivo \u00e9 pressionar os parlamentares a agilizar projetos de lei em tr\u00e2mite no congresso para coibir a pr\u00e1tica, j\u00e1 que o Brasil \u00e9 um dos \u00fanicos pa\u00edses do mundo sem legisla\u00e7\u00e3o espec\u00edfica.<\/p>\n<p>De acordo com dados de 2013, os transtornos mentais e comportamentais sa\u00edram na frente de todas as outras causas de afastamento da categoria, representando 27% do total de benef\u00edcios, com um n\u00famero de 5.042 casos. As doen\u00e7as do sistema osteomuscular e do tecido conjuntivo vieram em segundo lugar, com 4.589 casos, ou seja, 24,58% do total.<\/p>\n<p>A situa\u00e7\u00e3o se inverteu em compara\u00e7\u00e3o aos dados do ano anterior. Em 2012, em primeiro lugar vinham os afastamentos por doen\u00e7as do sistema osteomuscular e do tecido conjuntivo, com 5.711 afastados, isto \u00e9, 27% dos benef\u00edcios. As doen\u00e7as mentais, cujos afastamentos crescem a cada ano, chegavam perto mas ainda estavam em segundo lugar: elas foram respons\u00e1veis, em 2012, por afastar 5.425 banc\u00e1rios, ou 25,7% do total.<\/p>\n<p><strong>Ass\u00e9dio e metas\u00a0<\/strong><\/p>\n<p>Para a secret\u00e1ria de Sa\u00fade do Sindicato dos Banc\u00e1rios de S\u00e3o Paulo, Marta Soares, \u201cos dados mostram que a maior causa de afastamento na categoria \u00e9 o adoecimento mental, que, por sua vez \u00e9 causado por ass\u00e9dio moral e pelas cobran\u00e7as de metas abusivas, que trazem sofrimento e adoecimento \u00e0 maioria dos banc\u00e1rios\u201d.<\/p>\n<p>Por outro lado, em declara\u00e7\u00e3o ao IG, em reportagem da quinta-feira 24, Magnus Apost\u00f3lico, diretor de Rela\u00e7\u00f5es do Trabalho da Federa\u00e7\u00e3o Brasileira de Bancos (Febraban), diz que as metas n\u00e3o s\u00e3o respons\u00e1veis pelo aumento do ass\u00e9dio moral.<\/p>\n<p>Marta ressalta que os bancos sempre se negaram a admitir a rela\u00e7\u00e3o entre as metas abusivas e o adoecimento. \u201cEles tamb\u00e9m se negam a discutir as metas. No entanto, os n\u00fameros e todos os banc\u00e1rios que atendemos provam que o que leva ao adoecimento \u00e9 esse modo de gest\u00e3o, com cobran\u00e7a por metas e o ass\u00e9dio moral, pr\u00e1tica perversa em todos os bancos, seja nos departamentos ou ag\u00eancias\u201d, afirma.<\/p>\n<p>S\u00f3 neste ano de 2014, o Sindicato recebeu 116 den\u00fancias de trabalhadores sobre ass\u00e9dio moral. \u201cO problema \u00e9 grave e sempre orientamos os trabalhadores a cuidarem de sua sa\u00fade e exigirem seus direitos quando adoecidos pelo trabalho\u201d, afirma Marta. \u201cOrientamos tamb\u00e9m que denunciem as m\u00e1s condi\u00e7\u00f5es de trabalho e o ass\u00e9dio moral, para que possamos cada vez mais coibir essa pr\u00e1tica\u201d, diz.<\/p>\n<p>A dirigente sindical relata que a luta contra o ass\u00e9dio nos bancos n\u00e3o \u00e9 recente e j\u00e1 trouxe avan\u00e7os. \u201cH\u00e1 anos o Sindicato coloca em pauta a discuss\u00e3o do ass\u00e9dio moral com os bancos e, finalmente, em 2013, foi inclu\u00edda uma cl\u00e1usula que institui um Grupo de Trabalho para an\u00e1lise das causas dos afastamentos dos empregados dos bancos\u201d, conta.<\/p>\n<p>A cl\u00e1usula 61\u00aa da Conven\u00e7\u00e3o Coletiva da categoria, que vale nacionalmente, estabelece um grupo para analisar em detalhe os motivos de adoecimento dos banc\u00e1rios e tem prazo at\u00e9 31 de agosto desse ano.<\/p>\n<p>Fonte: Seeb S\u00e3o Paulo<\/p>\n","protected":false},"excerpt":{"rendered":"<p>Os banc\u00e1rios est\u00e3o se afastando mais por doen\u00e7as mentais que por LER\/Dort (Les\u00f5es por Esfor\u00e7os Repetitivos e Dist\u00farbios Osteomusculares Relacionados ao Trabalho), segundo estat\u00edsticas do Minist\u00e9rio da Previd\u00eancia Social. O fato \u00e9 in\u00e9dito e demonstra que o ass\u00e9dio moral e as metas abusivas impactam diretamente na sa\u00fade do banc\u00e1rio, causando preju\u00edzos profissionais, familiares e para [&hellip;]<\/p>\n","protected":false},"author":1,"featured_media":0,"comment_status":"","ping_status":"","sticky":false,"template":"","format":"standard","meta":{"footnotes":""},"categories":[3],"tags":[],"class_list":["post-1056","post","type-post","status-publish","format-standard","hentry","category-noticias"],"_links":{"self":[{"href":"https:\/\/hostnetart.com.br\/baixada\/wp-json\/wp\/v2\/posts\/1056","targetHints":{"allow":["GET"]}}],"collection":[{"href":"https:\/\/hostnetart.com.br\/baixada\/wp-json\/wp\/v2\/posts"}],"about":[{"href":"https:\/\/hostnetart.com.br\/baixada\/wp-json\/wp\/v2\/types\/post"}],"author":[{"embeddable":true,"href":"https:\/\/hostnetart.com.br\/baixada\/wp-json\/wp\/v2\/users\/1"}],"replies":[{"embeddable":true,"href":"https:\/\/hostnetart.com.br\/baixada\/wp-json\/wp\/v2\/comments?post=1056"}],"version-history":[{"count":0,"href":"https:\/\/hostnetart.com.br\/baixada\/wp-json\/wp\/v2\/posts\/1056\/revisions"}],"wp:attachment":[{"href":"https:\/\/hostnetart.com.br\/baixada\/wp-json\/wp\/v2\/media?parent=1056"}],"wp:term":[{"taxonomy":"category","embeddable":true,"href":"https:\/\/hostnetart.com.br\/baixada\/wp-json\/wp\/v2\/categories?post=1056"},{"taxonomy":"post_tag","embeddable":true,"href":"https:\/\/hostnetart.com.br\/baixada\/wp-json\/wp\/v2\/tags?post=1056"}],"curies":[{"name":"wp","href":"https:\/\/api.w.org\/{rel}","templated":true}]}}