{"id":10556,"date":"2021-03-04T15:34:58","date_gmt":"2021-03-04T18:34:58","guid":{"rendered":"https:\/\/hostnetart.com.br\/baixada\/de-norte-a-sul-do-brasil-manifestacoes-defendem-empresas-publicas\/"},"modified":"2021-03-04T15:34:58","modified_gmt":"2021-03-04T18:34:58","slug":"de-norte-a-sul-do-brasil-manifestacoes-defendem-empresas-publicas","status":"publish","type":"post","link":"https:\/\/hostnetart.com.br\/baixada\/de-norte-a-sul-do-brasil-manifestacoes-defendem-empresas-publicas\/","title":{"rendered":"De norte a sul do Brasil, manifesta\u00e7\u00f5es defendem empresas p\u00fablicas"},"content":{"rendered":"<p>De norte a sul do Brasil, manifesta\u00e7\u00f5es est\u00e3o foram realizadas, nesta quinta-feira (4), em defesa das empresas p\u00fablicas e contra o governo Bolsonaro que ignora a pandemia e a mis\u00e9ria da popula\u00e7\u00e3o. Categorias como a banc\u00e1ria, a dos petroleiros e a dos trabalhadores dos Correios unificaram suas a\u00e7\u00f5es em atos de rua e em a\u00e7\u00f5es em redes sociais. Foram denunciados ataques como o desmonte do Banco do Brasil, onde o governo pretende demitir 5 mil pessoas e fechar centenas de ag\u00eancias, al\u00e9m da tentativa de privatiza\u00e7\u00e3o da Caixa e da Petrobras e dos Correios.<\/p>\n<p>A presidenta da Confedera\u00e7\u00e3o Nacional dos Trabalhadores do Ramo Financeiro (Contraf-CUT), Juvandia Moreira, participou de manifesta\u00e7\u00e3o em S\u00e3o Paulo, onde foram distribu\u00eddos \u00e0 popula\u00e7\u00e3o alimentos produzidos em assentamentos do MST.<\/p>\n<p>A campanha em defesa do Banco do Brasil e contra a proposta de reestrutura\u00e7\u00e3o do banco que a diretoria tenta implementar j\u00e1 est\u00e1 sendo feita desde janeiro, com manifesta\u00e7\u00f5es em ag\u00eancias, paralisa\u00e7\u00f5es e a\u00e7\u00f5es em redes sociais. A mobiliza\u00e7\u00e3o programada para esta quinta-feira (4) foi unificada com a\u00e7\u00f5es que os trabalhadores da Petrobras v\u00e3o fazer contra a amea\u00e7a de privatiza\u00e7\u00e3o da empresa e a pol\u00edtica de pre\u00e7os dos combust\u00edveis. O protesto ser\u00e1 contra a dolariza\u00e7\u00e3o do pre\u00e7o do combust\u00edvel, por pre\u00e7o justo sem abrir m\u00e3o de impostos.<\/p>\n<p>Outras categorias de empresas p\u00fablicas tamb\u00e9m participam das manifesta\u00e7\u00f5es, em atos e outras iniciativas organizadas pela CUT e outras centrais sindicais.<\/p>\n<p><strong>Veja como foram os atos pelo pa\u00eds.<\/strong><\/p>\n<p><strong>S\u00e3o Paulo<\/strong>, na Capital, houve v\u00e1rias manifesta\u00e7\u00f5es: um ato na frente da ag\u00eancia da Caixa, na avenida Vital Brasil, no Butant\u00e3, e outro em frente \u00e0 ag\u00eancia da Caixa \u2013 Gipes, na rua Bela Cintra, na Consola\u00e7\u00e3o. Houve tamb\u00e9m manifesta\u00e7\u00e3o na frente da ag\u00eancia do BB na avenida Paulista, \u00e0s 10h45. Manifesta\u00e7\u00e3o na frente da agencia do BB na rua L\u00edbero Badar\u00f3, no Centro, \u00e0s 10h, onde houve distribui\u00e7\u00e3o de alimentos junto com o MST. A presidenta da Contraf-CUT, Juvandia Moreira, participou da distribui\u00e7\u00e3o na frente da sede do Sindicato dos Banc\u00e1rios, na rua S\u00e3o Bento, no Edif\u00edcio Martinelli, \u00e0s 10h.<\/p>\n<p>Em\u00a0<strong>Santo Andr\u00e9<\/strong>, no ABC Paulista, houve ato em frente \u00e0 ag\u00eancia local do BB.<\/p>\n<p>Em\u00a0<strong>Osasco<\/strong>, em S\u00e3o Paulo, foi realizado um ato na frente da ag\u00eancia do Banco do Brasil, na rua Rep\u00fablica do L\u00edbano, \u00e0s 10h.<\/p>\n<p>Em\u00a0<strong>Registro<\/strong>, no Vale do Ribeira, em S\u00e3o Paulo, houve ato em frente \u00e0 ag\u00eancia Central do BB, na rua Jos\u00e9 Ant\u00f4nio de Campos, \u00e0s 9h30, al\u00e9m de panfletagem.<\/p>\n<p>Em\u00a0<strong>Limeira<\/strong>, S\u00e3o Paulo, houve ato na frente da agencia do BB no Centro, na pra\u00e7a Luciano Esteves.<\/p>\n<p>Em\u00a0<strong>Belo Horizonte<\/strong>, Minas Gerais, dez carros de som passaram a circular com mensagens em defesa das empresas p\u00fablicas. A CUT local realizou ato com petroleiros e banc\u00e1rios. Em v\u00e1rios pontos da cidade, como postos de combust\u00edvel e \u00e1reas comerciais, foram distribu\u00eddos cupons de desconto para a aquisi\u00e7\u00e3o de botij\u00f5es de g\u00e1s e combust\u00edvel, com pre\u00e7o inferior ao praticado no mercado para motoristas de aplicativo e entregadores de moto. Foram distribu\u00eddos materiais impressos denunciando a tentativa de desmontar o Banco do Brasil e os preju\u00edzos que essa tentativa tem para a popula\u00e7\u00e3o. Nas cidades do interior de Minas Gerais, circularam carros de som com mensagens em defesa das empresas p\u00fablicas, al\u00e9m de a\u00e7\u00f5es nas redes sociais.<\/p>\n<p>Em\u00a0<strong>Bras\u00edlia<\/strong>, houve manifesta\u00e7\u00e3o unificada na Quadra Coberta, QN 12C do Riacho Fundo II.<\/p>\n<p>Em\u00a0<strong>Campo Grande<\/strong>, no Mato Grosso do Sul, a campanha em defesa do Banco do Brasil em mensagens pelas r\u00e1dios locais j\u00e1 come\u00e7ou h\u00e1 uma semana. Nesta quinta-feira foi realizado um ato junto com a CUT local e com militantes do MST, com distribui\u00e7\u00e3o de alimentos produzidos em assentamentos.<\/p>\n<p>Em\u00a0<strong>Macei\u00f3<\/strong>, Alagoas, o Sindicato dos Banc\u00e1rios colocou em circula\u00e7\u00e3o tr\u00eas carros de som com mensagens em defesa do Banco do Brasil e das empresas p\u00fablicas. Houve um ato na frente da ag\u00eancia do BB na rua do Livramento, no Centro. Tamb\u00e9m foi realizada manifesta\u00e7\u00e3o na frente da ag\u00eancia do Correios na rua Jo\u00e3o Pessoa.<\/p>\n<p>Em\u00a0<strong>Florian\u00f3polis<\/strong>, Santa Catarina, circularam carros e motos com aparelhos de som veiculando mensagens em defesa das empresas p\u00fablicas. Tamb\u00e9m foram veiculadas mensagens nas r\u00e1dios locais. As atividades de rua foram suspensas por causa das restri\u00e7\u00f5es sanit\u00e1rias.<\/p>\n<p>Em\u00a0<strong>Macap\u00e1<\/strong>, no Amap\u00e1, carros de som v\u00e3o circular pelo centro e principais bairros. Foi feito um ato em defesa das empresas p\u00fablicas na frente da Superintend\u00eancia local do Banco do Brasil, na rua Binga Uchoa, 250, no Centro.<\/p>\n<p>Em\u00a0<strong>Jo\u00e3o Pessoa<\/strong>, na Para\u00edba, o Comit\u00ea em Defesa das Empresas P\u00fablicas circulou tr\u00eas carros de som com mensagens.<\/p>\n<p>Em\u00a0<strong>Fortaleza<\/strong>, Cear\u00e1, houve ato em frente \u00e0 ag\u00eancia Aerol\u00e2ndia do Banco do Brasil, na avenida Visconde do Rio Branco, 6027, na Rodovia BR 116, \u00e0s 11h30.<\/p>\n<p>Em\u00a0<strong>Teresina<\/strong>, Piau\u00ed, houve ato em frente \u00e0 ag\u00eancia do BB na pra\u00e7a Rio Branco e na ag\u00eancia do BB na Cidade Verde, ambas com retardamento de abertura.<\/p>\n<p>Em\u00a0<strong>Vit\u00f3ria<\/strong>, no Esp\u00edrito Santo, foi realizada manifesta\u00e7\u00e3o na frente da ag\u00eancia do banco do Brasil na avenida Fernando Ferrari. O mesmo aconteceu em\u00a0<strong>Cachoeiro do Itapemirim<\/strong>, na ag\u00eancia do banco na avenida Jones dos Santos Neves, 83. Tamb\u00e9m houve ato em\u00a0<strong>Cariacica<\/strong>, na frente da ag\u00eancia local, com retardamento da abertura da ag\u00eancia em uma hora e caf\u00e9 da manh\u00e3 com clientes para colher assinaturas.<\/p>\n<p>Em\u00a0<strong>Cuiab\u00e1<\/strong>, no Mato Grosso, circularam pelas ruas carros de som com mensagens em defesa das empresas p\u00fablicas. N\u00e3o houve manifesta\u00e7\u00f5es de rua pelo toque de recolher decretado pelo governo por causa da pandemia.<\/p>\n<p>No\u00a0<strong>Rio de Janeiro<\/strong>, houve manifesta\u00e7\u00e3o na frente da ag\u00eancia do Banco do Brasil na pra\u00e7a Saenz Pe\u00f1a, no bairro da Tijuca, e tamb\u00e9m em frente \u00e0 ag\u00eancia na rua General Roca, e na ag\u00eancia da rua Conde Bomfim. No interior do Estado, houve atos na frente da ag\u00eancia do banco do Brasil em\u00a0<strong>Itaperuna<\/strong>, al\u00e9m da circula\u00e7\u00e3o de carro de som. Em\u00a0<strong>Maca\u00e9<\/strong>\u00a0e\u00a0<strong>Angra dos Reis<\/strong>, banc\u00e1rios e petroleiros realizaram atos conjuntos. A Fetrafi RJ tamb\u00e9m organizou uma live para debater o tema com parlamentares.<\/p>\n<p>Em\u00a0<strong>Bel\u00e9m<\/strong>, no Par\u00e1, houve manifesta\u00e7\u00e3o na frente da ag\u00eancia do Banco do Brasil, na avenida Pedro Miranda, 1.032, na Pedreira.<\/p>\n<p>Em\u00a0<strong>Boa Vista<\/strong>, Roraima, um carro de som circulou pela cidade divulgando mensagens em defesa das empresas p\u00fablicas. Por causa das restri\u00e7\u00f5es para combater a pandemia, decretadas pelo governo local, n\u00e3o houve atos de rua, mas a\u00e7\u00f5es nas redes sociais.<\/p>\n<p>Em\u00a0<strong>Porto Velho<\/strong>, em Rond\u00f4nia, o governo decretou a proibi\u00e7\u00e3o das manifesta\u00e7\u00f5es por causa da pandemia. Carros de som circularam com mensagens pelas ruas da cidade, al\u00e9m das a\u00e7\u00f5es nas redes sociais.<\/p>\n<p>Em\u00a0<strong>Porto Alegre<\/strong>, por causa das restri\u00e7\u00f5es decretadas pelo governo do Estado, n\u00e3o houve manifesta\u00e7\u00f5es de rua para evitar aglomera\u00e7\u00f5es. Junto com a CUT e trabalhadores petroleiros, a categoria banc\u00e1ria participou das mobiliza\u00e7\u00f5es virtuais. Tamb\u00e9m foram distribu\u00eddos adesivos contra o fechamento das ag\u00eancias do Banco do Brasil.<\/p>\n<p>No\u00a0<strong>Recife<\/strong>, Pernambuco, houve ato conjunto com a CUT PE, circula\u00e7\u00e3o de carro de som, mensagens nas r\u00e1dios locais e a\u00e7\u00f5es nas redes sociais. Houve tamb\u00e9m atos em ag\u00eancias do BB na ag\u00eancia Sete de Setembro e na ag\u00eancia do Centro. Em Pernambuco, a campanha em defesa das empresas p\u00fablicas tem outdoors, inser\u00e7\u00f5es em r\u00e1dios locais. H\u00e1 um m\u00eas a campanha em defesa do Bando Brasil j\u00e1 est\u00e1 nas ruas do Recife, onde j\u00e1 foi realizado um ato p\u00fablico junto com militantes do MST, com distribui\u00e7\u00e3o de alimentos produzidos em assentamentos.<\/p>\n<p>Em\u00a0<strong>Aracaj\u00fa<\/strong>, Sergipe, por causa das restri\u00e7\u00f5es sanit\u00e1rias, houvve a circula\u00e7\u00e3o de 10 carros de som, com mensagens em defesa das empresas p\u00fablicas.<\/p>\n<p>Em\u00a0<strong>Curitiba<\/strong>\u00a0e\u00a0<strong>Salvador<\/strong>, as manifesta\u00e7\u00f5es foram adiadas para a semana que vem porque os governos locais decretaram lockdown por causa da pandemia. Em Salvador houve circula\u00e7\u00e3o de carros de som com mensagens em defesa das empresas p\u00fablicas.<\/p>\n<p><span style=\"text-decoration: underline;\"><strong>Fonte: Contraf-CUT<\/strong><\/span><\/p>\n","protected":false},"excerpt":{"rendered":"<p>De norte a sul do Brasil, manifesta\u00e7\u00f5es est\u00e3o foram realizadas, nesta quinta-feira (4), em defesa das empresas p\u00fablicas e contra o governo Bolsonaro que ignora a pandemia e a mis\u00e9ria da popula\u00e7\u00e3o. Categorias como a banc\u00e1ria, a dos petroleiros e a dos trabalhadores dos Correios unificaram suas a\u00e7\u00f5es em atos de rua e em a\u00e7\u00f5es [&hellip;]<\/p>\n","protected":false},"author":2,"featured_media":10555,"comment_status":"","ping_status":"","sticky":false,"template":"","format":"standard","meta":{"footnotes":""},"categories":[3],"tags":[],"class_list":["post-10556","post","type-post","status-publish","format-standard","has-post-thumbnail","hentry","category-noticias"],"_links":{"self":[{"href":"https:\/\/hostnetart.com.br\/baixada\/wp-json\/wp\/v2\/posts\/10556","targetHints":{"allow":["GET"]}}],"collection":[{"href":"https:\/\/hostnetart.com.br\/baixada\/wp-json\/wp\/v2\/posts"}],"about":[{"href":"https:\/\/hostnetart.com.br\/baixada\/wp-json\/wp\/v2\/types\/post"}],"author":[{"embeddable":true,"href":"https:\/\/hostnetart.com.br\/baixada\/wp-json\/wp\/v2\/users\/2"}],"replies":[{"embeddable":true,"href":"https:\/\/hostnetart.com.br\/baixada\/wp-json\/wp\/v2\/comments?post=10556"}],"version-history":[{"count":0,"href":"https:\/\/hostnetart.com.br\/baixada\/wp-json\/wp\/v2\/posts\/10556\/revisions"}],"wp:featuredmedia":[{"embeddable":true,"href":"https:\/\/hostnetart.com.br\/baixada\/wp-json\/wp\/v2\/media\/10555"}],"wp:attachment":[{"href":"https:\/\/hostnetart.com.br\/baixada\/wp-json\/wp\/v2\/media?parent=10556"}],"wp:term":[{"taxonomy":"category","embeddable":true,"href":"https:\/\/hostnetart.com.br\/baixada\/wp-json\/wp\/v2\/categories?post=10556"},{"taxonomy":"post_tag","embeddable":true,"href":"https:\/\/hostnetart.com.br\/baixada\/wp-json\/wp\/v2\/tags?post=10556"}],"curies":[{"name":"wp","href":"https:\/\/api.w.org\/{rel}","templated":true}]}}