{"id":10552,"date":"2021-03-04T15:34:26","date_gmt":"2021-03-04T18:34:26","guid":{"rendered":"https:\/\/hostnetart.com.br\/baixada\/bancarios-engrossam-protestos-pela-vacina-auxilio-e-contra-privatizacoes\/"},"modified":"2021-03-04T15:34:26","modified_gmt":"2021-03-04T18:34:26","slug":"bancarios-engrossam-protestos-pela-vacina-auxilio-e-contra-privatizacoes","status":"publish","type":"post","link":"https:\/\/hostnetart.com.br\/baixada\/bancarios-engrossam-protestos-pela-vacina-auxilio-e-contra-privatizacoes\/","title":{"rendered":"Banc\u00e1rios engrossam protestos pela vacina, aux\u00edlio e contra privatiza\u00e7\u00f5es"},"content":{"rendered":"<p>As centrais sindicais realizam nesta quinta-feira (4)\u00a0<a href=\"https:\/\/www.redebrasilatual.com.br\/trabalho\/2021\/03\/centrais-sindicais-manifestacoes-auxilio-emprego-vacina\/\">manifesta\u00e7\u00f5es por todo o Brasil<\/a>\u00a0em defesa do aux\u00edlio emergencial de R$ 600, do emprego e da vacina\u00e7\u00e3o para todos. Os banc\u00e1rios tamb\u00e9m participam dos protestos, ao lado dos professores da rede p\u00fablica e dos petroleiros. Eles v\u00e3o aproveitar as mobiliza\u00e7\u00f5es para tamb\u00e9m fazerem a defesa dos bancos p\u00fablicos, que est\u00e3o sendo alvo de fatiamento com vistas a privatiza\u00e7\u00e3o.<\/p>\n<p>Para a presidenta do Sindicato dos Banc\u00e1rios de S\u00e3o Paulo, Osasco e Regi\u00e3o, Ivone Silva, a campanha de vacina\u00e7\u00e3o n\u00e3o avan\u00e7a por conta da \u201cirresponsabilidade\u201d do governo Bolsonaro. \u201cOs trabalhadores est\u00e3o morrendo. Banc\u00e1rios da linha de frente est\u00e3o adoecendo e morrendo\u201d, afirmou em entrevista ao\u00a0<a href=\"https:\/\/www.youtube.com\/watch?v=W3EZ3PfpFfo\"><em>Jornal Brasil Atual<\/em><\/a>.<\/p>\n<p>Al\u00e9m da crise sanit\u00e1ria, Ivone diz que os bancos p\u00fablicos t\u00eam sido alvo constante das a\u00e7\u00f5es de desmonte do governo. \u201cCada dia \u00e9 um ataque diferente\u201d. Na Caixa Econ\u00f4mica Federal, ela citou, por exemplo, a tentativa de\u00a0<a href=\"https:\/\/www.redebrasilatual.com.br\/economia\/2020\/08\/bolsonaro-privatizar-a-caixa-bancarios-oposicao-reagem\/\">privatiza\u00e7\u00e3o do setor digital<\/a>\u00a0do banco, que foi transformado numa subsidi\u00e1ria. No Banco do Brasil, o\u00a0<a href=\"https:\/\/www.redebrasilatual.com.br\/economia\/2021\/01\/desmonte-do-banco-do-brasil-vai-precarizar-atendimento-a-populacao\/\">plano de reestrutura\u00e7\u00e3o<\/a>\u00a0em curso pretende fechar 361 ag\u00eancias.<\/p>\n<p>\u201cO Banco do Brasil financia atualmente 67% do cr\u00e9dito para a agricultura familiar, que \u00e9 diferente do agroneg\u00f3cio. Em 2020, foram R$ 27 bilh\u00f5es. Esses pequenos agricultores s\u00e3o respons\u00e1veis por 70% dos alimentos consumidos pelos brasileiros\u201d, destacou Ivone, ao falar sobre os protestos dos banc\u00e1rios nesta quinta-feira.<\/p>\n<h2>A\u00e7\u00f5es<\/h2>\n<p>Para destacar a import\u00e2ncia do Banco do Brasil no financiamento da agricultura familiar, os banc\u00e1rios v\u00e3o distribuir 4 mil quilos de alimentos. A atividade, em parceria com o Movimento dos Trabalhadores Rurais Sem Terra, ser\u00e1 em frente da sede do BB na rua S\u00e3o Bento, no centro de S\u00e3o Paulo, \u00e0 partir das 11h.<\/p>\n<p>Al\u00e9m disso, em parceria com os petroleiros, o sindicato participa de uma a\u00e7\u00e3o de \u201cabastecimento solid\u00e1rio\u201d. Ser\u00e3o sorteados entre 100 cupons que d\u00e3o direito a at\u00e9 20 litros de gasolina pagando R$ 3,50 por litro, com o sindicato arcando com a diferen\u00e7a do valor cobrado atualmente.<\/p>\n<p>Al\u00e9m das a\u00e7\u00f5es presenciais, os banc\u00e1rios tamb\u00e9m promovem um \u201ctuita\u00e7o\u201d \u00e0s 11h, em defesa dos bancos p\u00fablicos e pelo avan\u00e7o da vacina\u00e7\u00e3o no pa\u00eds. As hastags #BBoBancoDeTodos, #N\u00e3oDeixemVenderOBrasil, #VacinaJa v\u00e3o concentrar as manifesta\u00e7\u00f5es virtuais.<\/p>\n<p><strong>Fonte: Rede Brasil Atual<\/strong><\/p>\n","protected":false},"excerpt":{"rendered":"<p>As centrais sindicais realizam nesta quinta-feira (4)\u00a0manifesta\u00e7\u00f5es por todo o Brasil\u00a0em defesa do aux\u00edlio emergencial de R$ 600, do emprego e da vacina\u00e7\u00e3o para todos. Os banc\u00e1rios tamb\u00e9m participam dos protestos, ao lado dos professores da rede p\u00fablica e dos petroleiros. Eles v\u00e3o aproveitar as mobiliza\u00e7\u00f5es para tamb\u00e9m fazerem a defesa dos bancos p\u00fablicos, que [&hellip;]<\/p>\n","protected":false},"author":2,"featured_media":10551,"comment_status":"","ping_status":"","sticky":false,"template":"","format":"standard","meta":{"footnotes":""},"categories":[3],"tags":[],"class_list":["post-10552","post","type-post","status-publish","format-standard","has-post-thumbnail","hentry","category-noticias"],"_links":{"self":[{"href":"https:\/\/hostnetart.com.br\/baixada\/wp-json\/wp\/v2\/posts\/10552","targetHints":{"allow":["GET"]}}],"collection":[{"href":"https:\/\/hostnetart.com.br\/baixada\/wp-json\/wp\/v2\/posts"}],"about":[{"href":"https:\/\/hostnetart.com.br\/baixada\/wp-json\/wp\/v2\/types\/post"}],"author":[{"embeddable":true,"href":"https:\/\/hostnetart.com.br\/baixada\/wp-json\/wp\/v2\/users\/2"}],"replies":[{"embeddable":true,"href":"https:\/\/hostnetart.com.br\/baixada\/wp-json\/wp\/v2\/comments?post=10552"}],"version-history":[{"count":0,"href":"https:\/\/hostnetart.com.br\/baixada\/wp-json\/wp\/v2\/posts\/10552\/revisions"}],"wp:featuredmedia":[{"embeddable":true,"href":"https:\/\/hostnetart.com.br\/baixada\/wp-json\/wp\/v2\/media\/10551"}],"wp:attachment":[{"href":"https:\/\/hostnetart.com.br\/baixada\/wp-json\/wp\/v2\/media?parent=10552"}],"wp:term":[{"taxonomy":"category","embeddable":true,"href":"https:\/\/hostnetart.com.br\/baixada\/wp-json\/wp\/v2\/categories?post=10552"},{"taxonomy":"post_tag","embeddable":true,"href":"https:\/\/hostnetart.com.br\/baixada\/wp-json\/wp\/v2\/tags?post=10552"}],"curies":[{"name":"wp","href":"https:\/\/api.w.org\/{rel}","templated":true}]}}