{"id":10550,"date":"2021-03-04T12:40:37","date_gmt":"2021-03-04T15:40:37","guid":{"rendered":"https:\/\/hostnetart.com.br\/baixada\/com-agravamento-da-pandemia-e-da-economia-impeachmentoumorte-viraliza\/"},"modified":"2021-03-04T12:40:37","modified_gmt":"2021-03-04T15:40:37","slug":"com-agravamento-da-pandemia-e-da-economia-impeachmentoumorte-viraliza","status":"publish","type":"post","link":"https:\/\/hostnetart.com.br\/baixada\/com-agravamento-da-pandemia-e-da-economia-impeachmentoumorte-viraliza\/","title":{"rendered":"Com agravamento da pandemia e da economia, #ImpeachmentOuMorte viraliza"},"content":{"rendered":"<div class=\"the-content\">\n<p>#ImpeachmentOuMorte foi o\u00a0<a href=\"https:\/\/twitter.com\/hashtag\/ImpeachmentOuMorte?src=hashtag_click\">segundo assunto mais comentado do Twitter<\/a>\u00a0na manh\u00e3 desta quarta-feira (3). Os internautas protestam pela sa\u00edda do presidente Jair Bolsonaro em fun\u00e7\u00e3o do imobilismo do governo Bolsonaro diante do agravamento da pandemia. \u00c9 uma rea\u00e7\u00e3o \u00e0 marca de 1.641 v\u00edtimas em 24 horas pela covid-19 nesta ter\u00e7a-feira (2), impondo\u00a0<a href=\"https:\/\/www.redebrasilatual.com.br\/saude-e-ciencia\/2021\/03\/brasil-piora-a-cada-dia-e-bate-novo-recorde-de-mortes-por-covid-19-1-641-vitimas-em-24-horas\/\">novo recorde<\/a>.<\/p>\n<p>Al\u00e9m da falta de vacinas e das sabotagens cotidianas de Bolsonaro \u00e0s medidas de distanciamento social, a deteriora\u00e7\u00e3o da economia tamb\u00e9m motivou protestos. A queda hist\u00f3rica no\u00a0<a href=\"https:\/\/www.redebrasilatual.com.br\/economia\/2021\/03\/pib-maior-queda-2020\/\">PIB<\/a>, o avan\u00e7o da infla\u00e7\u00e3o dos combust\u00edveis e dos alimentos, o desemprego e a demora na prorroga\u00e7\u00e3o do aux\u00edlio emergencial foram lembrados.<\/p>\n<p>Mas os protestos foram al\u00e9m das crises sanit\u00e1ria e econ\u00f4mica. Em meio ao caos do pa\u00eds, os usu\u00e1rios destacaram a compra de uma mans\u00e3o pelo senador Fl\u00e1vio Bolsonaro (Republicanos-RJ) avaliada em R$ 6 milh\u00f5es, refor\u00e7ando as suspeitas de corrup\u00e7\u00e3o no caso das rachadinhas.<\/p>\n<p>Uma internauta afirmou que \u00e9 preciso tirar Bolsonaro para \u201csalva a vida dos brasileiro\u201d. Outro disse que o impeachment \u00e9 \u201ct\u00e3o urgente quanto a vacina\u201d. \u201cMentiras, superfaturamento de gastos, compra de cloroquina, compra de mans\u00e3o milion\u00e1ria, uso do Estado e de \u00f3rg\u00e3os\u2026 \u00c9 muita provoca\u00e7\u00e3o, muito deboche, uma demonstra\u00e7\u00e3o de desprezo pelo pa\u00eds\u201d, indignou-se um terceiro.<\/p>\n<p>Pol\u00edticos de oposi\u00e7\u00e3o tamb\u00e9m se manifestaram. O deputado federal Alexandre Padilha (PT-SP) disse que o impeachment \u00e9 urgente para barrar a \u201cpol\u00edtica genocida\u201d de Bolsonaro. A deputada S\u00e2mia Bomfim (Psol-SP) classificou como \u201cbarb\u00e1rie premeditada\u201d. Por outro lado, o senador Rog\u00e9rio Carvalho (PT-SE) destacou que a demora na vacina\u00e7\u00e3o aumenta o risco de surgimento de novas variantes do v\u00edrus.<\/p>\n<h2><em><strong>Fonte: Rede Brasil Atual<\/strong><\/em><\/h2>\n<\/div>\n","protected":false},"excerpt":{"rendered":"<p>#ImpeachmentOuMorte foi o\u00a0segundo assunto mais comentado do Twitter\u00a0na manh\u00e3 desta quarta-feira (3). Os internautas protestam pela sa\u00edda do presidente Jair Bolsonaro em fun\u00e7\u00e3o do imobilismo do governo Bolsonaro diante do agravamento da pandemia. \u00c9 uma rea\u00e7\u00e3o \u00e0 marca de 1.641 v\u00edtimas em 24 horas pela covid-19 nesta ter\u00e7a-feira (2), impondo\u00a0novo recorde. Al\u00e9m da falta de [&hellip;]<\/p>\n","protected":false},"author":2,"featured_media":10549,"comment_status":"","ping_status":"","sticky":false,"template":"","format":"standard","meta":{"footnotes":""},"categories":[3],"tags":[],"class_list":["post-10550","post","type-post","status-publish","format-standard","has-post-thumbnail","hentry","category-noticias"],"_links":{"self":[{"href":"https:\/\/hostnetart.com.br\/baixada\/wp-json\/wp\/v2\/posts\/10550","targetHints":{"allow":["GET"]}}],"collection":[{"href":"https:\/\/hostnetart.com.br\/baixada\/wp-json\/wp\/v2\/posts"}],"about":[{"href":"https:\/\/hostnetart.com.br\/baixada\/wp-json\/wp\/v2\/types\/post"}],"author":[{"embeddable":true,"href":"https:\/\/hostnetart.com.br\/baixada\/wp-json\/wp\/v2\/users\/2"}],"replies":[{"embeddable":true,"href":"https:\/\/hostnetart.com.br\/baixada\/wp-json\/wp\/v2\/comments?post=10550"}],"version-history":[{"count":0,"href":"https:\/\/hostnetart.com.br\/baixada\/wp-json\/wp\/v2\/posts\/10550\/revisions"}],"wp:featuredmedia":[{"embeddable":true,"href":"https:\/\/hostnetart.com.br\/baixada\/wp-json\/wp\/v2\/media\/10549"}],"wp:attachment":[{"href":"https:\/\/hostnetart.com.br\/baixada\/wp-json\/wp\/v2\/media?parent=10550"}],"wp:term":[{"taxonomy":"category","embeddable":true,"href":"https:\/\/hostnetart.com.br\/baixada\/wp-json\/wp\/v2\/categories?post=10550"},{"taxonomy":"post_tag","embeddable":true,"href":"https:\/\/hostnetart.com.br\/baixada\/wp-json\/wp\/v2\/tags?post=10550"}],"curies":[{"name":"wp","href":"https:\/\/api.w.org\/{rel}","templated":true}]}}