{"id":10548,"date":"2021-03-04T12:39:04","date_gmt":"2021-03-04T15:39:04","guid":{"rendered":"https:\/\/hostnetart.com.br\/baixada\/manifestacoes-defendem-empresas-publicas-nesta-quinta-feira-4\/"},"modified":"2021-03-04T12:39:04","modified_gmt":"2021-03-04T15:39:04","slug":"manifestacoes-defendem-empresas-publicas-nesta-quinta-feira-4","status":"publish","type":"post","link":"https:\/\/hostnetart.com.br\/baixada\/manifestacoes-defendem-empresas-publicas-nesta-quinta-feira-4\/","title":{"rendered":"Manifesta\u00e7\u00f5es defendem empresas p\u00fablicas nesta quinta-feira (4)"},"content":{"rendered":"<p>Nesta quinta-feira (4), centrais sindicais, confedera\u00e7\u00f5es e sindicatos v\u00e3o realizar o Dia de Mobiliza\u00e7\u00e3o Nacional em defesa das empresas p\u00fablicas. Ser\u00e3o realizadas manifesta\u00e7\u00f5es em v\u00e1rias cidades do pa\u00eds. Categorias como a banc\u00e1ria, a dos petroleiros e a dos trabalhadores dos Correios unificaram suas a\u00e7\u00f5es em atos e a\u00e7\u00f5es em redes sociais. Ser\u00e3o denunciados ataques como o desmonte do Banco do Brasil e da Caixa, al\u00e9m da amea\u00e7a de privatiza\u00e7\u00e3o da Petrobras e dos Correios, que est\u00e3o nos planos do governo Bolsonaro.<\/p>\n<p>Uma das motiva\u00e7\u00f5es da mobiliza\u00e7\u00e3o s\u00e3o os planos do governo de fechar ag\u00eancias banc\u00e1rias em todo o pa\u00eds e demitir 5 mil funcion\u00e1rios do Banco do Brasil. O presidente que nada faz diante da pandemia tamb\u00e9m quer desmontar a Caixa. A mobiliza\u00e7\u00e3o foi unificada com a\u00e7\u00f5es da categoria banc\u00e1ria, trabalhadores da Petrobras e dos Correios. Al\u00e9m da amea\u00e7a de privatiza\u00e7\u00e3o das empresas p\u00fablicas, os atos s\u00e3o contra a pol\u00edtica de pre\u00e7os dos combust\u00edveis, por pre\u00e7os justos do g\u00e1s de cozinha e dos combust\u00edveis.<\/p>\n<h3><strong>Veja como ser\u00e3o os atos pelo pa\u00eds.<\/strong><\/h3>\n<div class=\"wp-block-image\">\n<figure class=\"alignright size-large\"><img fetchpriority=\"high\" decoding=\"async\" class=\"wp-image-286428\" src=\"https:\/\/contrafcut.com.br\/wp-content\/uploads\/2021\/03\/dia-nacional-de-mobilizacao.jpeg\" sizes=\"(max-width: 902px) 100vw, 902px\" srcset=\"https:\/\/contrafcut.com.br\/wp-content\/uploads\/2021\/03\/dia-nacional-de-mobilizacao.jpeg 902w, https:\/\/contrafcut.com.br\/wp-content\/uploads\/2021\/03\/dia-nacional-de-mobilizacao-162x230.jpeg 162w, https:\/\/contrafcut.com.br\/wp-content\/uploads\/2021\/03\/dia-nacional-de-mobilizacao-768x1090.jpeg 768w\" alt=\"\" width=\"902\" height=\"1280\" \/><\/figure>\n<\/div>\n<p>Em\u00a0<strong>Osasco<\/strong>\u00a0(SP), ser\u00e1 realizado um ato unificado.\u00a0<strong>Na Capital<\/strong>\u00a0paulista, ser\u00e3o realizadas atividades em v\u00e1rias regi\u00f5es da cidade. No Centro haver\u00e1 distribui\u00e7\u00e3o de alimentos junto com o MST. Tamb\u00e9m ser\u00e1 realizado um ato na frente da sede do Sindicato dos Banc\u00e1rios, na rua S\u00e3o Bento, no Edif\u00edcio Martinelli, \u00e0s 10h.<\/p>\n<p>Em\u00a0<strong>Belo Horizonte<\/strong>, Minas Gerais, a CUT local est\u00e1 preparando atos que reunir\u00e3o petroleiros e banc\u00e1rios. Em v\u00e1rios pontos da cidade, como postos de combust\u00edvel e \u00e1reas comerciais, ser\u00e3o distribu\u00eddos cupons de desconto para a aquisi\u00e7\u00e3o de botij\u00f5es de g\u00e1s e combust\u00edvel, com pre\u00e7o inferior ao praticado no mercado para motoristas de aplicativo e entregadores de moto. Ser\u00e3o distribu\u00eddos materiais impressos denunciando a tentativa de desmontar o Banco do Brasil e os preju\u00edzos que essa tentativa tem para a popula\u00e7\u00e3o. Nas cidades do\u00a0<strong>interior de Minas Gerais<\/strong>, v\u00e3o circular carros de som com mensagens em defesa das empresas p\u00fablicas, al\u00e9m de a\u00e7\u00f5es nas redes sociais.<\/p>\n<p>Em\u00a0<strong>Bras\u00edlia<\/strong>, haver\u00e1 manifesta\u00e7\u00e3o unificada na Quadra Coberta, QN 12C do Riacho Fundo II.<\/p>\n<p>Em\u00a0<strong>Campo Grande<\/strong>\u00a0(MS), a campanha em defesa do Banco do Brasil j\u00e1 come\u00e7ou h\u00e1 uma semana com mensagens pelas r\u00e1dios locais. Nesta quinta-feira, ser\u00e1 realizado um ato junto com a CUT local e com militantes do MST, com distribui\u00e7\u00e3o de alimentos produzidos em assentamentos.<\/p>\n<p>Em\u00a0<strong>Macei\u00f3<\/strong>\u00a0(AL), o Sindicato dos Banc\u00e1rios local vai colocar em circula\u00e7\u00e3o tr\u00eas carros de som com mensagens em defesa do Banco do Brasil e das empresas p\u00fablicas. Tamb\u00e9m haver\u00e1 atos em v\u00e1rios pontos da cidade.<\/p>\n<p>Em\u00a0<strong>Florian\u00f3polis<\/strong>\u00a0(SC), v\u00e3o circular carros e motos com aparelhos de som veiculando mensagens em defesa das empresas p\u00fablicas. Tamb\u00e9m ser\u00e3o veiculadas mensagens nas r\u00e1dios locais. Banc\u00e1rios e petroleiros v\u00e3o realizar atividades em conjunto.<\/p>\n<p>Em\u00a0<strong>Macap\u00e1<\/strong>\u00a0(AP), carros de som v\u00e3o circular pelo centro e principais bairros. Ser\u00e1 feito um ato em defesa das empresas p\u00fablicas no Centro.<\/p>\n<p>Em\u00a0<strong>Jo\u00e3o Pessoa<\/strong>\u00a0(PB), o Comit\u00ea em Defesa das Empresas P\u00fablicas vai fazer circular tr\u00eas carros de som com mensagens.<\/p>\n<p>Em\u00a0<strong>Fortaleza<\/strong>\u00a0(CE), haver\u00e1 manifesta\u00e7\u00e3o de rua que reunir\u00e1 banc\u00e1rios e petroleiros, al\u00e9m de militantes da CUT e de outros sindicatos.<\/p>\n<p>Em\u00a0<strong>Vit\u00f3ria<\/strong>\u00a0(ES), ser\u00e1 realizada uma manifesta\u00e7\u00e3o unificada no centro. Tamb\u00e9m haver\u00e1 atividades em\u00a0<strong>cidades do interior<\/strong>\u00a0do estado.<\/p>\n<p>Em\u00a0<strong>Cuiab\u00e1<\/strong>\u00a0(MT), carros de som v\u00e3o circular pelas ruas com mensagens em defesa das empresas p\u00fablicas. N\u00e3o est\u00e3o programadas manifesta\u00e7\u00f5es de rua por causa do toque de recolher decretado pelo governo em decorr\u00eancia da pandemia.<\/p>\n<p>No\u00a0<strong>Rio de Janeiro<\/strong>, est\u00e1 programada uma manifesta\u00e7\u00e3o no Centro. No\u00a0<strong>interior do estado<\/strong>, haver\u00e1 atos nas principais cidades. A Fetrafi RJ tamb\u00e9m vai organizar uma live para debater o tema com parlamentares.<\/p>\n<p>Em\u00a0<strong>Bel\u00e9m<\/strong>\u00a0(PA), haver\u00e1 manifesta\u00e7\u00e3o unificada pela manh\u00e3.<\/p>\n<p>Em\u00a0<strong>Boa Vista<\/strong>\u00a0(RR), um carro de som vai circular pela cidade divulgando mensagens em defesa das empresas p\u00fablicas. Por causa das restri\u00e7\u00f5es para combater a pandemia, decretadas pelo governo local, n\u00e3o haver\u00e1 atos de rua, mas a\u00e7\u00f5es nas redes sociais.<\/p>\n<p>Em\u00a0<strong>Porto Velho<\/strong>\u00a0(RO), o governo decretou a proibi\u00e7\u00e3o das manifesta\u00e7\u00f5es por causa da pandemia. Haver\u00e1 carros de som circulando com mensagens pelas ruas da cidade, al\u00e9m das a\u00e7\u00f5es nas redes sociais.<\/p>\n<p>Em\u00a0<strong>Porto Alegre<\/strong>, por causa das restri\u00e7\u00f5es decretadas pelo governo do estado, n\u00e3o haver\u00e1 manifesta\u00e7\u00f5es de rua para evitar aglomera\u00e7\u00f5es. Junto com a CUT e trabalhadores petroleiros, a categoria banc\u00e1ria vai participar das mobiliza\u00e7\u00f5es virtuais.<\/p>\n<p>Em\u00a0<strong>Recife<\/strong>\u00a0(PE), a campanha em defesa das empresas p\u00fablicas ter\u00e1 outdoors e inser\u00e7\u00f5es em r\u00e1dios locais. H\u00e1 um m\u00eas a campanha em defesa do Banco Brasil j\u00e1 est\u00e1 nas ruas de Recife, onde j\u00e1 foi realizado um ato p\u00fablico junto com militantes do MST e distribui\u00e7\u00e3o de alimentos produzidos em assentamentos.<\/p>\n<p>Em\u00a0<strong>Curitiba<\/strong>\u00a0e\u00a0<strong>Salvador<\/strong>, as manifesta\u00e7\u00f5es foram adiadas para a semana que vem porque os governos locais decretaram lockdown por causa da pandemia.<\/p>\n<p><span style=\"text-decoration: underline;\"><strong>Fonte: Contraf-CUT<\/strong><\/span><\/p>\n","protected":false},"excerpt":{"rendered":"<p>Nesta quinta-feira (4), centrais sindicais, confedera\u00e7\u00f5es e sindicatos v\u00e3o realizar o Dia de Mobiliza\u00e7\u00e3o Nacional em defesa das empresas p\u00fablicas. Ser\u00e3o realizadas manifesta\u00e7\u00f5es em v\u00e1rias cidades do pa\u00eds. Categorias como a banc\u00e1ria, a dos petroleiros e a dos trabalhadores dos Correios unificaram suas a\u00e7\u00f5es em atos e a\u00e7\u00f5es em redes sociais. Ser\u00e3o denunciados ataques como [&hellip;]<\/p>\n","protected":false},"author":2,"featured_media":10547,"comment_status":"","ping_status":"","sticky":false,"template":"","format":"standard","meta":{"footnotes":""},"categories":[3],"tags":[],"class_list":["post-10548","post","type-post","status-publish","format-standard","has-post-thumbnail","hentry","category-noticias"],"_links":{"self":[{"href":"https:\/\/hostnetart.com.br\/baixada\/wp-json\/wp\/v2\/posts\/10548","targetHints":{"allow":["GET"]}}],"collection":[{"href":"https:\/\/hostnetart.com.br\/baixada\/wp-json\/wp\/v2\/posts"}],"about":[{"href":"https:\/\/hostnetart.com.br\/baixada\/wp-json\/wp\/v2\/types\/post"}],"author":[{"embeddable":true,"href":"https:\/\/hostnetart.com.br\/baixada\/wp-json\/wp\/v2\/users\/2"}],"replies":[{"embeddable":true,"href":"https:\/\/hostnetart.com.br\/baixada\/wp-json\/wp\/v2\/comments?post=10548"}],"version-history":[{"count":0,"href":"https:\/\/hostnetart.com.br\/baixada\/wp-json\/wp\/v2\/posts\/10548\/revisions"}],"wp:featuredmedia":[{"embeddable":true,"href":"https:\/\/hostnetart.com.br\/baixada\/wp-json\/wp\/v2\/media\/10547"}],"wp:attachment":[{"href":"https:\/\/hostnetart.com.br\/baixada\/wp-json\/wp\/v2\/media?parent=10548"}],"wp:term":[{"taxonomy":"category","embeddable":true,"href":"https:\/\/hostnetart.com.br\/baixada\/wp-json\/wp\/v2\/categories?post=10548"},{"taxonomy":"post_tag","embeddable":true,"href":"https:\/\/hostnetart.com.br\/baixada\/wp-json\/wp\/v2\/tags?post=10548"}],"curies":[{"name":"wp","href":"https:\/\/api.w.org\/{rel}","templated":true}]}}