{"id":10540,"date":"2021-03-03T03:23:40","date_gmt":"2021-03-03T06:23:40","guid":{"rendered":"https:\/\/hostnetart.com.br\/baixada\/vacina-ja-para-todos-e-a-prioridade-para-o-coletivo-de-saude-da-contraf-cut\/"},"modified":"2021-03-03T03:23:40","modified_gmt":"2021-03-03T06:23:40","slug":"vacina-ja-para-todos-e-a-prioridade-para-o-coletivo-de-saude-da-contraf-cut","status":"publish","type":"post","link":"https:\/\/hostnetart.com.br\/baixada\/vacina-ja-para-todos-e-a-prioridade-para-o-coletivo-de-saude-da-contraf-cut\/","title":{"rendered":"Vacina J\u00e1 para todos \u00e9 a prioridade para o Coletivo de Sa\u00fade da Contraf-CUT"},"content":{"rendered":"<p>O Coletivo de Sa\u00fade da Confedera\u00e7\u00e3o Nacional dos Trabalhadores do Ramo Financeiro (Contraf-CUT) se reuniu para debater sobre os desafios e planejar suas a\u00e7\u00f5es para 2021 e fez um levantamento dos principais problemas relacionados \u00e0 sa\u00fade enfrentados pela categoria. A partir da\u00ed, definiu uma s\u00e9rie de iniciativas para qualificar a a\u00e7\u00e3o sindical em defesa da sa\u00fade e de melhores condi\u00e7\u00f5es de trabalho da categoria.<\/p>\n<p>Mauro Salles, secret\u00e1rio de Sa\u00fade da Contraf-CUT, lembra que o objetivo de 2020 era implementar um processo de negocia\u00e7\u00e3o com a Federa\u00e7\u00e3o Nacional dos Bancos (Fenaban) para debater quest\u00f5es priorit\u00e1rias, como aten\u00e7\u00e3o aos adoecidos; preven\u00e7\u00e3o, Programa de Controle M\u00e9dico de Sa\u00fade Ocupacional (PCMSO), qualidade dos servi\u00e7os m\u00e9dicos oferecidos e as metas abusivas. \u201cA pandemia impactou nossas negocia\u00e7\u00f5es, embaralhou alguns processos e acelerou outros. Demandou aos sindicatos a prioriza\u00e7\u00e3o do enfrentamento da pandemia e suas diversas consequ\u00eancias. De toda maneira, o nosso debate acumulado mostrou-se pertinente e a pr\u00f3pria pandemia confirmou os problemas de forma mais abrangente.\u201d<\/p>\n<h3>Antigos problemas<\/h3>\n<p>Mesmo com a pandemia em andamento, houve continuidade na negocia\u00e7\u00e3o com os bancos em busca de solu\u00e7\u00f5es para v\u00e1rios problemas. Mas, o Coletivo Nacional de Sa\u00fade concluiu que os antigos problemas persistem e adquiriram novas formas, aprofundando a explora\u00e7\u00e3o e os impactos \u00e0 sa\u00fade da categoria. As metas abusivas, por exemplo, continuaram a todo vapor, com as intensas cobran\u00e7as, em uma situa\u00e7\u00e3o at\u00edpica, de emerg\u00eancia, com o mercado desaquecido e impactando ainda mais na sa\u00fade dos colegas.<\/p>\n<ul>\n<li>O sofrimento f\u00edsico e ps\u00edquico na categoria aumentou, surgindo mais um risco (al\u00e9m do ergon\u00f4mico e psicossocial), o biol\u00f3gico (Covid-19), para tencionar e adoecer ainda mais os banc\u00e1rios.<\/li>\n<li>Os servi\u00e7os m\u00e9dicos continuam sendo usados com o objetivo de se livrar dos indesejados, passo a passo com a reestrutura\u00e7\u00e3o.<\/li>\n<li>O INSS conseguiu piorar, com mais dificuldades para acesso a benef\u00edcios e direitos. Aproveitam a pandemia para precarizar ainda mais.<\/li>\n<li>A digitaliza\u00e7\u00e3o dos processos se acelerou e novos desafios s\u00e3o colocados, como o home Office.<\/li>\n<li>Mudan\u00e7as no modelo de neg\u00f3cios e na atividade econ\u00f4mica se aprofunda, com reestrutura\u00e7\u00f5es, que j\u00e1 estavam no radar, sendo acelerado e aprofundado.<\/li>\n<\/ul>\n<p>\u201cOs bancos se escondem atr\u00e1s da pandemia e aproveitam para \u2018passar a boiada\u2019, com mudan\u00e7as legislativas, demiss\u00f5es se livrando de doentes, descomissionamentos, mudan\u00e7as em cargos, ataque \u00e0 jornada de 6 horas, entre outros ataques\u201d, observou o dirigente da Contraf-CUT.<\/p>\n<h3>Desafios 2021<\/h3>\n<p>Mauro acredita que este levantamento deixa claro que, em 2021 \u00e9 importante a continuidade das negocia\u00e7\u00f5es permanentes com a Fenaban sobre a pandemia. \u201cDevemos tamb\u00e9m buscar retomar a mesa de negocia\u00e7\u00e3o permanente que tratava da qualidade dos servi\u00e7os m\u00e9dicos e programas de preven\u00e7\u00e3o, das metas abusivas e a aten\u00e7\u00e3o aos banc\u00e1rios doentes. Esses debates t\u00eam liga\u00e7\u00e3o com a pandemia, pois os problemas se agravaram, o adoecimento cresceu, surgindo um novo risco, o biol\u00f3gico e as metas abusivas continuam a todo vapor. Portanto a preven\u00e7\u00e3o, servi\u00e7os m\u00e9dicos eficientes e a busca para conter e eliminar os riscos (metas abusivas; covid-19; ergonomia) s\u00e3o essenciais para enfrentar a pandemia e o adoecimento na categoria\u201d, afirmou.<\/p>\n<p>Para o secret\u00e1rio de Sa\u00fade da Contraf-CUT, \u00e9 preocupante o agravamento da situa\u00e7\u00e3o com a amplia\u00e7\u00e3o do n\u00famero de infectados e mortes onde o sistema de sa\u00fade est\u00e1 em processo acelerado de colapso. Tudo isso favorecido pela irresponsabilidade do Governo Federal e de alguns gestores estaduais e municipais. \u201cDiante disso, devemos continuar fiscalizando e cobrando dos bancos medidas protetivas rigorosas como a manuten\u00e7\u00e3o e amplia\u00e7\u00e3o do trabalho em home office. Distanciamento social; isolamento social; uso de m\u00e1scaras; higieniza\u00e7\u00e3o permanente; evitar aglomera\u00e7\u00f5es; testagem e monitoramento de sintom\u00e1ticos, infectados e contatantes s\u00e3o medidas permanentes e essenciais.\u201d<\/p>\n<p>A conscientiza\u00e7\u00e3o dos colegas sobre a gravidade da situa\u00e7\u00e3o e necessidade de tomar todos os cuidados preconizados \u00e9 vital, de acordo com Mauro Salles, pois \u00e9 estimulado por setores da sociedade, capitaneada por Bolsonaro, uma vis\u00e3o negacionista, com afirma\u00e7\u00f5es mentirosas que dificultam a conten\u00e7\u00e3o do v\u00edrus. \u201cUm exemplo \u00e9 a vis\u00e3o equivocada de que a atividade econ\u00f4mica \u00e9 prioridade. Obvio que o mais importante \u00e9 a vida e a sa\u00fade, mas, mesmo em rela\u00e7\u00e3o \u00e0 economia, s\u00f3 ser\u00e1 poss\u00edvel voltar \u00e0 normalidade quando a prolifera\u00e7\u00e3o do v\u00edrus for contida. Defendemos um consistente plano de vacina\u00e7\u00e3o que tenha crit\u00e9rios transparentes baseados em requisitos cient\u00edficos, nos quais as prioridades sejam estipuladas dentro de conceitos epidemiol\u00f3gicos\u201d, disse.<\/p>\n<p>\u201cNeste sentido, lutamos para que os banc\u00e1rios, como categoria essencial e cujas caracter\u00edsticas da atividade tem um potencial alto de transmissibilidade do v\u00edrus, sejam inclu\u00eddos na lista de prioridades. Mas n\u00e3o podemos aceitar lobbys de setores que est\u00e3o sendo inclu\u00eddos pelo governo sem crit\u00e9rios cient\u00edficos, somente por quest\u00f5es pol\u00edticas\u201d, observou. \u201cA imuniza\u00e7\u00e3o contra a Covid-19 \u00e9 um direito do povo brasileiro e \u00e9 uma obriga\u00e7\u00e3o do governo federal coordenar uma estrat\u00e9gia nacional de vacina\u00e7\u00e3o e prover as vacinas, seguras e eficazes, que dever\u00e3o ser aplicadas em toda popula\u00e7\u00e3o brasileira. Temos no Brasil o SUS, o sistema p\u00fablico de sa\u00fade mais eficaz do mundo, mas o flagrante despreparo e a omiss\u00e3o do governo federal seguem impedindo o devido processo de vacina\u00e7\u00e3o em massa dentro dos par\u00e2metros epidemiol\u00f3gicos adequados. A sa\u00fade e a vida t\u00eam que ser prioridade absoluta e a melhora da atividade econ\u00f4mica est\u00e1 intimamente ligada \u00e0 vacina\u00e7\u00e3o, s\u00f3 quando o v\u00edrus for contido a normalidade ser\u00e1 poss\u00edvel\u201d, finalizou o secret\u00e1rio de Sa\u00fade da Contraf-CUT.<\/p>\n<p><strong>Fonte: Contraf-CUT<\/strong><\/p>\n","protected":false},"excerpt":{"rendered":"<p>O Coletivo de Sa\u00fade da Confedera\u00e7\u00e3o Nacional dos Trabalhadores do Ramo Financeiro (Contraf-CUT) se reuniu para debater sobre os desafios e planejar suas a\u00e7\u00f5es para 2021 e fez um levantamento dos principais problemas relacionados \u00e0 sa\u00fade enfrentados pela categoria. A partir da\u00ed, definiu uma s\u00e9rie de iniciativas para qualificar a a\u00e7\u00e3o sindical em defesa da [&hellip;]<\/p>\n","protected":false},"author":2,"featured_media":10539,"comment_status":"","ping_status":"","sticky":false,"template":"","format":"standard","meta":{"footnotes":""},"categories":[3],"tags":[],"class_list":["post-10540","post","type-post","status-publish","format-standard","has-post-thumbnail","hentry","category-noticias"],"_links":{"self":[{"href":"https:\/\/hostnetart.com.br\/baixada\/wp-json\/wp\/v2\/posts\/10540","targetHints":{"allow":["GET"]}}],"collection":[{"href":"https:\/\/hostnetart.com.br\/baixada\/wp-json\/wp\/v2\/posts"}],"about":[{"href":"https:\/\/hostnetart.com.br\/baixada\/wp-json\/wp\/v2\/types\/post"}],"author":[{"embeddable":true,"href":"https:\/\/hostnetart.com.br\/baixada\/wp-json\/wp\/v2\/users\/2"}],"replies":[{"embeddable":true,"href":"https:\/\/hostnetart.com.br\/baixada\/wp-json\/wp\/v2\/comments?post=10540"}],"version-history":[{"count":0,"href":"https:\/\/hostnetart.com.br\/baixada\/wp-json\/wp\/v2\/posts\/10540\/revisions"}],"wp:featuredmedia":[{"embeddable":true,"href":"https:\/\/hostnetart.com.br\/baixada\/wp-json\/wp\/v2\/media\/10539"}],"wp:attachment":[{"href":"https:\/\/hostnetart.com.br\/baixada\/wp-json\/wp\/v2\/media?parent=10540"}],"wp:term":[{"taxonomy":"category","embeddable":true,"href":"https:\/\/hostnetart.com.br\/baixada\/wp-json\/wp\/v2\/categories?post=10540"},{"taxonomy":"post_tag","embeddable":true,"href":"https:\/\/hostnetart.com.br\/baixada\/wp-json\/wp\/v2\/tags?post=10540"}],"curies":[{"name":"wp","href":"https:\/\/api.w.org\/{rel}","templated":true}]}}