{"id":10538,"date":"2021-03-03T03:22:57","date_gmt":"2021-03-03T06:22:57","guid":{"rendered":"https:\/\/hostnetart.com.br\/baixada\/comando-indica-aprovacao-do-acordo-emergencial-da-covid-19-com-o-bb\/"},"modified":"2021-03-03T03:22:57","modified_gmt":"2021-03-03T06:22:57","slug":"comando-indica-aprovacao-do-acordo-emergencial-da-covid-19-com-o-bb","status":"publish","type":"post","link":"https:\/\/hostnetart.com.br\/baixada\/comando-indica-aprovacao-do-acordo-emergencial-da-covid-19-com-o-bb\/","title":{"rendered":"Comando indica aprova\u00e7\u00e3o do acordo emergencial da Covid-19 com o BB"},"content":{"rendered":"<p>O Comando Nacional dos Banc\u00e1rios se reuniu nesta ter\u00e7a-feira (2) com o Banco do Brasil para negociar a renova\u00e7\u00e3o do\u00a0<a href=\"https:\/\/contrafcut.com.br\/noticias\/contraf-cut-orienta-trabalhadores-do-banco-do-brasil-a-aprovarem-proposta\">Acordo Coletivo de Trabalho Emergencial (Pandemia Covid-19)<\/a>, que prev\u00ea o n\u00e3o descomissionamento por desempenho enquanto durar a pandemia; anistia de 10% do saldo total de horas negativas a compensar e prazo de compensa\u00e7\u00e3o de horas negativas de 18 meses. O acordo em vig\u00eancia venceria no \u00faltimo dia de 2020, mas foi\u00a0<a href=\"https:\/\/portal.stf.jus.br\/noticias\/verNoticiaDetalhe.asp?idConteudo=457989&amp;ori=1\">estendido por conta da uma liminar do Supremo Tribunal Federal (STF)<\/a>, que prorrogou o Estado de Pandemia.\u00a0<a href=\"https:\/\/contrafcut.com.br\/noticias\/funcionarios-do-banco-do-brasil-querem-prorrogacao-do-acordo-emergencial\/\">Os funcion\u00e1rios do banco cobraram<\/a>\u00a0e o Comando negociou com o banco a prorroga\u00e7\u00e3o do acordo e indica a aprova\u00e7\u00e3o nas assembleias em todo o pa\u00eds.<\/p>\n<p>\u201cO acordo continua em validade at\u00e9 o final da pandemia. Apenas a cl\u00e1usula com rela\u00e7\u00e3o ao banco de horas precisava ser renovada. Conseguimos a prorroga\u00e7\u00e3o, que, se aprovado nas assembleias, tamb\u00e9m ter\u00e1 validade at\u00e9 o final da pandemia\u201d, explicou a presidenta da Confedera\u00e7\u00e3o Nacional dos Trabalhadores do Ramo Financeiro (Contraf-CUT), Juvandia Moreira, que \u00e9 uma das coordenadoras do Comando Nacional dos Banc\u00e1rios.<\/p>\n<p>As assembleias ser\u00e3o realizadas na quarta-feira da semana que vem (10), das 8h \u00e0s 20h, de forma virtual, pela internet, para se evitar aglomera\u00e7\u00f5es devido \u00e0 pandemia de Covid-19. \u201cA renova\u00e7\u00e3o do acordo \u00e9 importante, uma vez que o governo n\u00e3o consegue tomar medidas que possibilitem a conten\u00e7\u00e3o da pandemia e muitos funcion\u00e1rios podem ser prejudicados se o acordo n\u00e3o for aprovado nas assembleias\u201d, afirmou o coordenador da Comiss\u00e3o de Empresa dos Funcion\u00e1rios do Banco do Brasil (CEBB), Jo\u00e3o Fukunaga.<\/p>\n<p>O banco informou que existem 3.500 funcion\u00e1rios com horas a compensar neste acordo. Dentre eles, 2.600 t\u00eam mais de 200 horas a compensar.<\/p>\n<p>O coordenador da CEBB ressaltou, tamb\u00e9m, a conquista da reafirma\u00e7\u00e3o da cl\u00e1usula que pro\u00edbe o descomissionamento por desempenho. \u201cIsso evita o acirramento na cobran\u00e7a pelo cumprimento de metas e garante que n\u00e3o haver\u00e1 perda de renda por descomissionamento pelo n\u00e3o cumprimento das mesmas\u201d, concluiu Fukunaga.<\/p>\n<p><strong>Fonte: Contraf-CUT<\/strong><\/p>\n","protected":false},"excerpt":{"rendered":"<p>O Comando Nacional dos Banc\u00e1rios se reuniu nesta ter\u00e7a-feira (2) com o Banco do Brasil para negociar a renova\u00e7\u00e3o do\u00a0Acordo Coletivo de Trabalho Emergencial (Pandemia Covid-19), que prev\u00ea o n\u00e3o descomissionamento por desempenho enquanto durar a pandemia; anistia de 10% do saldo total de horas negativas a compensar e prazo de compensa\u00e7\u00e3o de horas negativas [&hellip;]<\/p>\n","protected":false},"author":2,"featured_media":10537,"comment_status":"","ping_status":"","sticky":false,"template":"","format":"standard","meta":{"footnotes":""},"categories":[3],"tags":[],"class_list":["post-10538","post","type-post","status-publish","format-standard","has-post-thumbnail","hentry","category-noticias"],"_links":{"self":[{"href":"https:\/\/hostnetart.com.br\/baixada\/wp-json\/wp\/v2\/posts\/10538","targetHints":{"allow":["GET"]}}],"collection":[{"href":"https:\/\/hostnetart.com.br\/baixada\/wp-json\/wp\/v2\/posts"}],"about":[{"href":"https:\/\/hostnetart.com.br\/baixada\/wp-json\/wp\/v2\/types\/post"}],"author":[{"embeddable":true,"href":"https:\/\/hostnetart.com.br\/baixada\/wp-json\/wp\/v2\/users\/2"}],"replies":[{"embeddable":true,"href":"https:\/\/hostnetart.com.br\/baixada\/wp-json\/wp\/v2\/comments?post=10538"}],"version-history":[{"count":0,"href":"https:\/\/hostnetart.com.br\/baixada\/wp-json\/wp\/v2\/posts\/10538\/revisions"}],"wp:featuredmedia":[{"embeddable":true,"href":"https:\/\/hostnetart.com.br\/baixada\/wp-json\/wp\/v2\/media\/10537"}],"wp:attachment":[{"href":"https:\/\/hostnetart.com.br\/baixada\/wp-json\/wp\/v2\/media?parent=10538"}],"wp:term":[{"taxonomy":"category","embeddable":true,"href":"https:\/\/hostnetart.com.br\/baixada\/wp-json\/wp\/v2\/categories?post=10538"},{"taxonomy":"post_tag","embeddable":true,"href":"https:\/\/hostnetart.com.br\/baixada\/wp-json\/wp\/v2\/tags?post=10538"}],"curies":[{"name":"wp","href":"https:\/\/api.w.org\/{rel}","templated":true}]}}