{"id":10532,"date":"2021-03-02T17:08:56","date_gmt":"2021-03-02T20:08:56","guid":{"rendered":"https:\/\/hostnetart.com.br\/baixada\/defesa-das-estatais-e-vacina-para-todos-estao-entre-as-prioridades-do-movimento-sindical-diz-presidenta-da-contraf-cut\/"},"modified":"2021-03-02T17:08:56","modified_gmt":"2021-03-02T20:08:56","slug":"defesa-das-estatais-e-vacina-para-todos-estao-entre-as-prioridades-do-movimento-sindical-diz-presidenta-da-contraf-cut","status":"publish","type":"post","link":"https:\/\/hostnetart.com.br\/baixada\/defesa-das-estatais-e-vacina-para-todos-estao-entre-as-prioridades-do-movimento-sindical-diz-presidenta-da-contraf-cut\/","title":{"rendered":"Defesa das estatais e vacina para todos est\u00e3o entre as prioridades do movimento sindical, diz presidenta da Contraf-CUT"},"content":{"rendered":"<p>O desmonte das empresas p\u00fablicas e o ritmo lento da vacina\u00e7\u00e3o contra a Covid-19 em todo o pa\u00eds preocupam o movimento sindical banc\u00e1rio e associativo. Em reuni\u00e3o realizada nesta segunda-feira (1), dirigentes de Associa\u00e7\u00f5es do Pessoal da Caixa (Apcefs) de todo o pa\u00eds e da Federa\u00e7\u00e3o Nacional das Associa\u00e7\u00f5es do Pessoal da Caixa (Fenae) debateram essas quest\u00f5es e reafirmaram a necessidade de ampliar a resist\u00eancia contra o descaso do Governo Bolsonaro em rela\u00e7\u00e3o a pandemia e aos ataques \u00e0s estatais.<\/p>\n<p>A presidenta da Confedera\u00e7\u00e3o Nacional dos Trabalhadores do Ramo Financeiro (Contraf-CUT), Juvandia Moreira, participou da reuni\u00e3o do Conselho Deliberativo Nacional (CDN) da Fenae. \u201cN\u00f3s estamos nessa situa\u00e7\u00e3o cr\u00edtica em todo ao pa\u00eds, porque o governo federal tomou decis\u00f5es erradas. O combate \u00e0 pandemia n\u00e3o tem uma coordena\u00e7\u00e3o e faltam medidas efetivas para diminuir a transmiss\u00e3o. Desde o ano passado, que as centrais sindicais t\u00eam cobrado a compra de vacinas. Vacina para todos \u00e9 urgente\u201d, destacou a presidenta da Contraf-CUT, que tamb\u00e9m \u00e9 uma das coordenadoras do Comando Nacional dos Banc\u00e1rios.<\/p>\n<p>Os representantes das entidades representativas dos banc\u00e1rios e dos empregados da Caixa vem cobrando dos bancos mais rigor no enfrentamento da pandemia, com medidas de prote\u00e7\u00e3o aos trabalhadores. \u201cO pa\u00eds est\u00e1 retrocedendo em rela\u00e7\u00e3o fase inicial da pandemia. No momento, n\u00e3o temos perspectiva de melhora. O governo n\u00e3o tem plano de vacina\u00e7\u00e3o em massa e quer jogar a responsabilidade desse caos para a popula\u00e7\u00e3o. N\u00e3o tem a m\u00ednima considera\u00e7\u00e3o com a vida das pessoas. \u00c9 um governo genocida\u201d, criticou o presidente da Fenae, Sergio Takemoto.<\/p>\n<p>Representantes de Apcefs relataram iniciativas para incluir os empregados da Caixa no grupo de vacina\u00e7\u00e3o contra a Covid-19. As ag\u00eancias lotadas funcionam como vetores da contamina\u00e7\u00e3o. \u201cOs empregados da Caixa est\u00e3o entre os trabalhadores mais expostos ao coronav\u00edrus durante a pandemia. Temos que considerar ainda que muitos trabalhadores do grupo de risco est\u00e3o em home office. Com a imuniza\u00e7\u00e3o, eles poderiam retornar \u00e0s unidades e refor\u00e7ar o atendimento \u00e0 popula\u00e7\u00e3o\u201d, argumentou o presidente do Conselho Deliberativo Nacional da Fenae (CDN) e presidente da Apcef\/MS, Jadir Garcia.<\/p>\n<h3>Privatiza\u00e7\u00f5es<\/h3>\n<p>Em meio ao caos gerado pela pandemia da Covid-19, os ataques \u00e0s empresas p\u00fablicas n\u00e3o cessam. Bancos p\u00fablicos como a Caixa e o BB e empresas como Correios, Petrobr\u00e1s s\u00e3o alvo de um desmonte, que visam a privatiza\u00e7\u00e3o dessas empresas.<\/p>\n<p>Na reuni\u00e3o do CDN, a presidenta da Contraf-CUT informou que um calend\u00e1rio de lutas est\u00e1 sendo formado pela CUT e outras centrais sindicais para refor\u00e7ar mobiliza\u00e7\u00e3o dos trabalhadores e da sociedade geral contra a agenda privatista do governo.<\/p>\n<p>Nesta quinta-feira (4), ser\u00e1 realizado Dia Nacional de Luta contra privatiza\u00e7\u00e3o de Estatais. A mobiliza\u00e7\u00e3o faz parte da Campanha N\u00e3o Deixem Vender o Brasil, lan\u00e7ada na semana passada pela CUT, que conta com apoio da Fenae e da Contraf-CUT. \u201cPrecisamos fazer esse debate chegar \u00e0 sociedade. Esclarecer a popula\u00e7\u00e3o sobre os motivos que ela est\u00e1 pagando mais caro pela gasolina ou g\u00e1s de cozinha. O governo tem condi\u00e7\u00f5es de adotar outra pol\u00edtica de pre\u00e7os\u201d, alertou Juvandia Moreira.<\/p>\n<p><strong>Fonte: Contraf-CUT<\/strong><\/p>\n","protected":false},"excerpt":{"rendered":"<p>O desmonte das empresas p\u00fablicas e o ritmo lento da vacina\u00e7\u00e3o contra a Covid-19 em todo o pa\u00eds preocupam o movimento sindical banc\u00e1rio e associativo. Em reuni\u00e3o realizada nesta segunda-feira (1), dirigentes de Associa\u00e7\u00f5es do Pessoal da Caixa (Apcefs) de todo o pa\u00eds e da Federa\u00e7\u00e3o Nacional das Associa\u00e7\u00f5es do Pessoal da Caixa (Fenae) debateram [&hellip;]<\/p>\n","protected":false},"author":2,"featured_media":10531,"comment_status":"","ping_status":"","sticky":false,"template":"","format":"standard","meta":{"footnotes":""},"categories":[3],"tags":[],"class_list":["post-10532","post","type-post","status-publish","format-standard","has-post-thumbnail","hentry","category-noticias"],"_links":{"self":[{"href":"https:\/\/hostnetart.com.br\/baixada\/wp-json\/wp\/v2\/posts\/10532","targetHints":{"allow":["GET"]}}],"collection":[{"href":"https:\/\/hostnetart.com.br\/baixada\/wp-json\/wp\/v2\/posts"}],"about":[{"href":"https:\/\/hostnetart.com.br\/baixada\/wp-json\/wp\/v2\/types\/post"}],"author":[{"embeddable":true,"href":"https:\/\/hostnetart.com.br\/baixada\/wp-json\/wp\/v2\/users\/2"}],"replies":[{"embeddable":true,"href":"https:\/\/hostnetart.com.br\/baixada\/wp-json\/wp\/v2\/comments?post=10532"}],"version-history":[{"count":0,"href":"https:\/\/hostnetart.com.br\/baixada\/wp-json\/wp\/v2\/posts\/10532\/revisions"}],"wp:featuredmedia":[{"embeddable":true,"href":"https:\/\/hostnetart.com.br\/baixada\/wp-json\/wp\/v2\/media\/10531"}],"wp:attachment":[{"href":"https:\/\/hostnetart.com.br\/baixada\/wp-json\/wp\/v2\/media?parent=10532"}],"wp:term":[{"taxonomy":"category","embeddable":true,"href":"https:\/\/hostnetart.com.br\/baixada\/wp-json\/wp\/v2\/categories?post=10532"},{"taxonomy":"post_tag","embeddable":true,"href":"https:\/\/hostnetart.com.br\/baixada\/wp-json\/wp\/v2\/tags?post=10532"}],"curies":[{"name":"wp","href":"https:\/\/api.w.org\/{rel}","templated":true}]}}