{"id":10526,"date":"2021-03-02T03:34:14","date_gmt":"2021-03-02T06:34:14","guid":{"rendered":"https:\/\/hostnetart.com.br\/baixada\/depois-do-pior-mes-da-covid-19-brasil-abre-marco-com-255-mil-mortos-e-maior-media-diaria-de-vitimas\/"},"modified":"2021-03-02T03:34:14","modified_gmt":"2021-03-02T06:34:14","slug":"depois-do-pior-mes-da-covid-19-brasil-abre-marco-com-255-mil-mortos-e-maior-media-diaria-de-vitimas","status":"publish","type":"post","link":"https:\/\/hostnetart.com.br\/baixada\/depois-do-pior-mes-da-covid-19-brasil-abre-marco-com-255-mil-mortos-e-maior-media-diaria-de-vitimas\/","title":{"rendered":"Depois do pior m\u00eas da covid-19, Brasil abre mar\u00e7o com 255 mil mortos e maior m\u00e9dia di\u00e1ria de v\u00edtimas"},"content":{"rendered":"<p>O Brasil ultrapassou hoje (1\u00ba) a marca de 255 mil mortos por covid-19, com o registro de mais 778 v\u00edtimas em um per\u00edodo de 24 horas. As informa\u00e7\u00f5es s\u00e3o do s\u00e3o do Conselho Nacional dos Secret\u00e1rios de Sa\u00fade (<a href=\"https:\/\/www.conass.org.br\/painelconasscovid19\/\" target=\"_blank\" rel=\"noopener noreferrer\">Conass<\/a>). \u00c0s segundas-feiras, o registro de mortes e casos n\u00famero tende a ser reduzido, devido ao descanso semanal de parte dos trabalhadores da Sa\u00fade em todo o pa\u00eds. A distor\u00e7\u00e3o tende a ser corrigida nos dias seguintes. Entretanto, esta foi a segunda-feira com maior n\u00famero de mortos oficialmente notificados este ano.<\/p>\n<p>O n\u00famero total de v\u00edtimas do novo coronav\u00edrus \u00e9 de 255.720 \u00f3bitos. Este \u00e9 o\u00a0<a href=\"https:\/\/www.redebrasilatual.com.br\/saude-e-ciencia\/2021\/03\/secretarios-estaduais-de-saude-defendem-pacto-imediato-para-evitar-o-colapso-nacional\/\" target=\"_blank\" rel=\"noopener noreferrer\">pior momento do surto<\/a>\u00a0de covid-19 no Brasil,\u00a0<a href=\"https:\/\/www.redebrasilatual.com.br\/tag\/coronavirus\/\" target=\"_blank\" rel=\"noopener noreferrer\">desde o in\u00edcio da pandemia, em mar\u00e7o<\/a>\u00a0. A \u00faltima semana foi a mais letal de todo o hist\u00f3rico, assim como o m\u00eas de fevereiro. Foram 8.224 mortos nos \u00faltimos sete dias e mais de 30 mil mortos no m\u00eas. Desde o dia 21 de janeiro o pa\u00eds tem m\u00e9dia m\u00f3vel, calculada em sete dias, acima de mil mortes di\u00e1rias. Hoje (1\u00ba), o pa\u00eds alcan\u00e7ou novo pico, com 1.225 v\u00edtimas por dia, em m\u00e9dia.<\/p>\n<div id=\"redeb-1881257604\" class=\"redeb-conteudo\">\u00a0<\/div>\n<div class=\"wp-block-image\">\n<figure class=\"aligncenter size-large\"><img decoding=\"async\" class=\"wp-image-474645 lazy loaded\" src=\"https:\/\/www.redebrasilatual.com.br\/wp-content\/uploads\/2021\/03\/covid1.jpg\" sizes=\"(max-width: 540px) 100vw, 540px\" srcset=\"https:\/\/www.redebrasilatual.com.br\/wp-content\/uploads\/2021\/03\/covid1.jpg 540w, https:\/\/www.redebrasilatual.com.br\/wp-content\/uploads\/2021\/03\/covid1-360x118.jpg 360w\" alt=\"\" data-src=\"https:\/\/www.redebrasilatual.com.br\/wp-content\/uploads\/2021\/03\/covid1.jpg\" data-srcset=\"https:\/\/www.redebrasilatual.com.br\/wp-content\/uploads\/2021\/03\/covid1.jpg 540w, https:\/\/www.redebrasilatual.com.br\/wp-content\/uploads\/2021\/03\/covid1-360x118.jpg 360w\" data-sizes=\"(max-width: 540px) 100vw, 540px\" data-was-processed=\"true\" \/><figcaption>N\u00fameros da covid-19 no Brasil. Fonte: Conass<\/figcaption><\/figure>\n<\/div>\n<h2><span style=\"text-decoration: underline;\">Curva ascendente<\/span><\/h2>\n<p>Em rela\u00e7\u00e3o ao n\u00famero de novos casos di\u00e1rios, tamb\u00e9m um novo recorde. Nos \u00faltimos sete dias, os contaminados por dia foram 55.977 em m\u00e9dia. Nas \u00faltimas 24 horas foram mais 35.742 infectados, totalizando 10.587.001 desde mar\u00e7o passado. A press\u00e3o no sistema de Sa\u00fade \u00e9 realidade em todo o pa\u00eds. Com mais de 80% de UTIs lotadas, alguns estados e muitas cidades vivem situa\u00e7\u00e3o de colapso, com o esgotamento de leitos.<\/p>\n<p>Nesta tarde, a cidade de Porto Alegre divulgou que 100% dos leitos para covid est\u00e3o ocupados e 187 pessoas aguardam vaga em uma UTI. Nas redes sociais h\u00e1 relatos de pessoas intubadas sem o acompanhamento de equipe m\u00e9dica. A situa\u00e7\u00e3o se repete em outros munic\u00edpios do interior do Rio Grande do Sul e tamb\u00e9m em todo o pa\u00eds. Em S\u00e3o Paulo, o n\u00famero de interna\u00e7\u00f5es por covid-19 cresceu 18% na \u00faltima semana. Na sexta-feira (26),\u00a0<a href=\"https:\/\/www.redebrasilatual.com.br\/saude-e-ciencia\/2021\/03\/com-98-de-ocupacao-dos-leitos-de-uti-distrito-federal-vive-situacao-critica-da-covid-19\/\" target=\"_blank\" rel=\"noopener noreferrer\">Bras\u00edlia chegou a ficar com apenas um \u00fanico leito de UTI dispon\u00edvel<\/a>.<\/p>\n<div class=\"wp-block-image\">\n<figure class=\"aligncenter size-large\"><img decoding=\"async\" class=\"wp-image-474647 lazy loaded\" src=\"https:\/\/www.redebrasilatual.com.br\/wp-content\/uploads\/2021\/03\/covid1-1.jpg\" sizes=\"(max-width: 963px) 100vw, 963px\" srcset=\"https:\/\/www.redebrasilatual.com.br\/wp-content\/uploads\/2021\/03\/covid1-1.jpg 963w, https:\/\/www.redebrasilatual.com.br\/wp-content\/uploads\/2021\/03\/covid1-1-360x118.jpg 360w, https:\/\/www.redebrasilatual.com.br\/wp-content\/uploads\/2021\/03\/covid1-1-768x251.jpg 768w\" alt=\"\" data-src=\"https:\/\/www.redebrasilatual.com.br\/wp-content\/uploads\/2021\/03\/covid1-1.jpg\" data-srcset=\"https:\/\/www.redebrasilatual.com.br\/wp-content\/uploads\/2021\/03\/covid1-1.jpg 963w, https:\/\/www.redebrasilatual.com.br\/wp-content\/uploads\/2021\/03\/covid1-1-360x118.jpg 360w, https:\/\/www.redebrasilatual.com.br\/wp-content\/uploads\/2021\/03\/covid1-1-768x251.jpg 768w\" data-sizes=\"(max-width: 963px) 100vw, 963px\" data-was-processed=\"true\" \/><figcaption>Curvas epidemiol\u00f3gicas m\u00e9dias de casos e mortes por covid-19 no Brasil. Tend\u00eancia de crescimento. Fonte: Conass<\/figcaption><\/figure>\n<\/div>\n<h2><span style=\"text-decoration: underline;\">Bolsonaro e a covid<\/span><\/h2>\n<p>Enquanto a situa\u00e7\u00e3o se agrava, o presidente Jair Bolsonaro segue reafirmando sua postura negacionista. Na \u00faltima semana, ele atacou o uso de m\u00e1scaras, promoveu mais aglomera\u00e7\u00f5es, criticou medidas de isolamento social e tentou passar a conta da covid-19 para prefeitos e governadores, que\u00a0<a href=\"https:\/\/www.redebrasilatual.com.br\/politica\/2021\/03\/governadores-acusam-bolsonaro-de-distorcer-repasses-para-saude\/\" target=\"_blank\" rel=\"noopener noreferrer\">responderam em carta<\/a>. Os gestores regionais apontam que Bolsonaro divulga\u00a0<a href=\"https:\/\/www.redebrasilatual.com.br\/politica\/2021\/03\/governadores-acusam-bolsonaro-de-distorcer-repasses-para-saude\/\" target=\"_blank\" rel=\"noopener noreferrer\">informa\u00e7\u00f5es distorcidas<\/a>\u00a0para fugir da responsabilidade.<\/p>\n<p>Bolsonaro chegou a divulgar cr\u00edticas ao isolamento social no Distrito Federal. Com 98% de UTIs ocupadas, o governador Ibaneis Rocha (MDB), aliado de Bolsonaro, decretou medidas r\u00edgidas de fechamento do com\u00e9rcio n\u00e3o essencial. Ap\u00f3s intensa press\u00e3o e protestos de bolsonaristas, o\u00a0<a href=\"https:\/\/www.redebrasilatual.com.br\/saude-e-ciencia\/2021\/03\/com-98-de-ocupacao-dos-leitos-de-uti-distrito-federal-vive-situacao-critica-da-covid-19\/\" target=\"_blank\" rel=\"noopener noreferrer\">Rocha recuou e flexibilizou o distanciamento<\/a>.<\/p>\n<p>A situa\u00e7\u00e3o \u00e9 cr\u00edtica e a vacina\u00e7\u00e3o caminha com lentid\u00e3o. Na tarde de hoje, a Frente Nacional dos Prefeitos (FNP) realizou uma reuni\u00e3o para articular uma comiss\u00e3o com a finalidade de articular a compra de vacinas sem influ\u00eancia do governo Bolsonaro. Estados tamb\u00e9m tentam adquirir mais vacinas, diante da lentid\u00e3o no processo de vacina\u00e7\u00e3o conduzido pelo governo federal.<\/p>\n<h2><span style=\"text-decoration: underline;\">Vacinas<\/span><\/h2>\n<p>At\u00e9 o momento, apenas 3,07% dos brasileiros receberam uma dose da vacina e 0,9%, as duas doses. Foram aplicadas 8,4 milh\u00f5es de doses das vacinas CoronaVac e Oxford-AstraZeneca. Apesar da aprova\u00e7\u00e3o da vacina da Pfizer pela Ag\u00eancia Nacional da Vigil\u00e2ncia Sanit\u00e1ria (Anvisa), na \u00faltima semana, n\u00e3o existe nenhuma dose do imunizante dispon\u00edvel no Brasil. No ano passado, Bolsonaro recusou ofertas da empresa e dificultou o acesso do pa\u00eds aos imunizantes.<\/p>\n<p>Enquanto isso o resto do mundo avan\u00e7a na vacina\u00e7\u00e3o. J\u00e1 s\u00e3o sete semanas de recuo da covid-19 em escala global. Nos Estados Unidos, 2,3 milh\u00f5es de vacinados por dia durante o fim de semana. A expectativa do governo do democrata Joe Biden \u00e9 de vacinar 3 milh\u00f5es de pessoas a cada um dos pr\u00f3ximos dias. J\u00e1 s\u00e3o 76 milh\u00f5es de doses aplicadas das vacinas da Oxford-AstraZeneca e da Pfizer.<\/p>\n<p>Tamb\u00e9m come\u00e7ou hoje a distribui\u00e7\u00e3o da vacina da Jansen (Johnson &amp; Johnson) em territ\u00f3rio americano. Ser\u00e3o 20 milh\u00f5es de doses da vacina at\u00e9 o fim de mar\u00e7o. O governo j\u00e1 negociou 100 milh\u00f5es de doses deste medicamento que tem efic\u00e1cia em apenas uma dose.<\/p>\n<p><strong>Fonte: Rede Brasil Atual<\/strong><\/p>\n","protected":false},"excerpt":{"rendered":"<p>O Brasil ultrapassou hoje (1\u00ba) a marca de 255 mil mortos por covid-19, com o registro de mais 778 v\u00edtimas em um per\u00edodo de 24 horas. As informa\u00e7\u00f5es s\u00e3o do s\u00e3o do Conselho Nacional dos Secret\u00e1rios de Sa\u00fade (Conass). \u00c0s segundas-feiras, o registro de mortes e casos n\u00famero tende a ser reduzido, devido ao descanso [&hellip;]<\/p>\n","protected":false},"author":2,"featured_media":10525,"comment_status":"","ping_status":"","sticky":false,"template":"","format":"standard","meta":{"footnotes":""},"categories":[3],"tags":[],"class_list":["post-10526","post","type-post","status-publish","format-standard","has-post-thumbnail","hentry","category-noticias"],"_links":{"self":[{"href":"https:\/\/hostnetart.com.br\/baixada\/wp-json\/wp\/v2\/posts\/10526","targetHints":{"allow":["GET"]}}],"collection":[{"href":"https:\/\/hostnetart.com.br\/baixada\/wp-json\/wp\/v2\/posts"}],"about":[{"href":"https:\/\/hostnetart.com.br\/baixada\/wp-json\/wp\/v2\/types\/post"}],"author":[{"embeddable":true,"href":"https:\/\/hostnetart.com.br\/baixada\/wp-json\/wp\/v2\/users\/2"}],"replies":[{"embeddable":true,"href":"https:\/\/hostnetart.com.br\/baixada\/wp-json\/wp\/v2\/comments?post=10526"}],"version-history":[{"count":0,"href":"https:\/\/hostnetart.com.br\/baixada\/wp-json\/wp\/v2\/posts\/10526\/revisions"}],"wp:featuredmedia":[{"embeddable":true,"href":"https:\/\/hostnetart.com.br\/baixada\/wp-json\/wp\/v2\/media\/10525"}],"wp:attachment":[{"href":"https:\/\/hostnetart.com.br\/baixada\/wp-json\/wp\/v2\/media?parent=10526"}],"wp:term":[{"taxonomy":"category","embeddable":true,"href":"https:\/\/hostnetart.com.br\/baixada\/wp-json\/wp\/v2\/categories?post=10526"},{"taxonomy":"post_tag","embeddable":true,"href":"https:\/\/hostnetart.com.br\/baixada\/wp-json\/wp\/v2\/tags?post=10526"}],"curies":[{"name":"wp","href":"https:\/\/api.w.org\/{rel}","templated":true}]}}