{"id":10520,"date":"2021-03-01T10:58:24","date_gmt":"2021-03-01T13:58:24","guid":{"rendered":"https:\/\/hostnetart.com.br\/baixada\/observatorio-traz-novo-indicador-de-poder-de-compra-e-tempo-de-trabalho\/"},"modified":"2021-03-01T10:58:24","modified_gmt":"2021-03-01T13:58:24","slug":"observatorio-traz-novo-indicador-de-poder-de-compra-e-tempo-de-trabalho","status":"publish","type":"post","link":"https:\/\/hostnetart.com.br\/baixada\/observatorio-traz-novo-indicador-de-poder-de-compra-e-tempo-de-trabalho\/","title":{"rendered":"Observat\u00f3rio traz novo indicador de poder de compra e tempo de trabalho"},"content":{"rendered":"<p>A nota t\u00e9cnica apresenta a metodologia do novo indicador, lan\u00e7ado em fevereiro de 2021, a ser acompanhado e divulgado periodicamente pelo Observat\u00f3rio Conjuscs<strong>.<\/strong>\u00a0Uma das formas cl\u00e1ssicas de mensura\u00e7\u00e3o do valor de produtos e servi\u00e7os \u00e9 aquela que considera as horas de trabalho necess\u00e1rias para a sua aquisi\u00e7\u00e3o pelo trabalhador e trabalhadora. Diversos estudos te\u00f3ricos, pesquisas e levantamentos pr\u00e1ticos, em v\u00e1rios pa\u00edses, j\u00e1 tiveram como objeto este tema. Portanto, a pesquisa aqui proposta \u2013 a que calcula alguns produtos e servi\u00e7os em horas de trabalho por faixa de renda no Brasil \u2013 n\u00e3o \u00e9, evidentemente, in\u00e9dita em seu conceito e aplica\u00e7\u00e3o.<\/p>\n<p>O que parece ser novo \u00e9 a retomada do c\u00e1lculo no caso brasileiro recente, lembrando que o Dieese calcula e divulga h\u00e1 anos o valor da Cesta b\u00e1sica em horas de trabalho.\u00a0<\/p>\n<h3><strong>Em que consiste o projeto<\/strong><\/h3>\n<p>A proposta do projeto \u00e9 calcular as horas ou dias de trabalho remunerados mensais necess\u00e1rios, para que um trabalhador\/trabalhadora adquira determinados produtos e servi\u00e7os do cotidiano. A proposta \u00e9 criar e acompanhar indicador que ilustre o poder aquisitivo e a desigualdade de remunera\u00e7\u00e3o, em horas ou dias de trabalho. O indicador ser\u00e1 calculado e divulgado mensalmente pelo Observat\u00f3rio de Pol\u00edticas P\u00fablicas, Empreendedorismo e Conjuntura da USCS.<\/p>\n<h3><strong>Objetivos<\/strong>\u00a0e periodicidade do novo indicador<\/h3>\n<p>a) Estruturar e acompanhar indicador de poder aquisitivo e desigualdade em termos de horas e dias de trabalho \u2013 indicador este que, neste momento, n\u00e3o \u00e9 realizado e acompanhado regularmente por outras entidades;<\/p>\n<p>b) Propiciar divulga\u00e7\u00e3o do indicador peri\u00f3dico (mensal) no site da USCS e divulga\u00e7\u00e3o na m\u00eddia regional;<\/p>\n<p>c) Dar visibilidade ao Observat\u00f3rio de Pol\u00edticas P\u00fablicas, Empreendedorismo e Conjuntura da USCS (Conjuscs);<\/p>\n<p>A pesquisa ser\u00e1 realizada e publicada mensalmente.<\/p>\n<h3><strong>Justificativa<\/strong><\/h3>\n<p>a) Tema do poder aquisitivo e da desigualdade da popula\u00e7\u00e3o brasileira est\u00e1 na ordem do dia dos debates;<\/p>\n<p>b) Os recursos para a realiza\u00e7\u00e3o do projeto s\u00e3o fact\u00edveis e ser\u00e3o absorvidos pela pr\u00f3pria universidade.<\/p>\n<h3><strong>Metodologia<\/strong><\/h3>\n<p>Consideram-se os seguintes par\u00e2metros para os c\u00e1lculos:<\/p>\n<p>a) Considera-se \u201ctrabalhadores\u201d aqueles que s\u00e3o empregados formalmente (com carteira de trabalho assinada);<\/p>\n<p>b) Jornada semanal de 44h;<\/p>\n<p>c) Cada trabalhador recebe mensalmente 220 horas de trabalho remuneradas (176 h trabalhadas + Descanso Semanal Remunerado de 44h);<\/p>\n<p>d) Tr\u00eas faixas de renda: 1 sal\u00e1rio m\u00ednimo (SM); tr\u00eas sal\u00e1rios m\u00ednimos; 10 sal\u00e1rios m\u00ednimos;<\/p>\n<p>e) Os produtos e servi\u00e7os selecionados foram escolhidos aleatoriamente, como itens do consumo contempor\u00e2neo que, por qualquer raz\u00e3o, podem fazer parte de decis\u00f5es de consumo a qualquer momento por parte do trabalhador e trabalhadora.<\/p>\n<h3><strong>Itens a serem considerados<\/strong><\/h3>\n<p>I) Valor atualizado da cesta b\u00e1sica de 13 itens na Grande S\u00e3o Paulo (divulgadas mensalmente pelo DIEESE, em seu site, cujos itens e quantidades est\u00e3o estabelecidos no Decreto Lei n\u00ba 399, de 1938), a saber: carne (6 kg), leite (7.5 l), feij\u00e3o (4,5 kg), arroz (3,0 Kg), farinha (1,5 Kg), batata (6,0 Kg), leguminosas \/ tomate (9,0 Kg), p\u00e3o franc\u00eas (6,0 Kg), caf\u00e9 em p\u00f3 (600 gr), frutas (Banana) (90 unid), a\u00e7\u00facar (3,0 kg), banha\/\u00f3leo (750 gr), manteiga (750 gr);<\/p>\n<p>II) \u00a04 almo\u00e7os fora de casa por m\u00eas;<\/p>\n<p>III) \u00a01 botij\u00e3o de g\u00e1s de 13 l;<\/p>\n<p>IV) Determinado consumo mensal de energia el\u00e9trica de uma resid\u00eancia;<\/p>\n<p>V) \u00a0Determinado consumo mensal de \u00e1gua de uma resid\u00eancia;<\/p>\n<p>VI) \u00a0Pagamento mensal de um pacote b\u00e1sico de internet;<\/p>\n<p>VII) 150 litros de gasolina comum (gasto m\u00e9dio de um deslocamento di\u00e1rio para o trabalho, ida e volta, numa dist\u00e2ncia de 30Km, em um ve\u00edculo com consumo de 8km\/litro na cidade);<\/p>\n<p>VIII) Compra de um smarphone no valor de R$ 1.500,00;<\/p>\n<p>IX) \u00a0Compra de notebook no valor de R$ 3.000,00;<\/p>\n<p>X) \u00a0Compra de 200 d\u00f3lares;<\/p>\n<p>XI) 1 N\u00ba 1 (BigMac).<\/p>\n<p>XXII) Um produto sazonal de acordo com a \u00e9poca do ano (ex: ovo de p\u00e1scoa; presente do Dia das M\u00e3es, do Dia dos Namorados, do Dia dos Pais, Dia das Crian\u00e7as e Natal.<\/p>\n<h3><strong>Outra observa\u00e7\u00f5es<\/strong>\u00a0sobre o novo indicador<\/h3>\n<p>Cumpre observar que a proposta deste indicador N\u00c3O est\u00e1 associada com qualquer pesquisa de or\u00e7amento familiar. N\u00e3o h\u00e1 qualquer men\u00e7\u00e3o ao peso dos itens de produtos e servi\u00e7os escolhidos na estrutura de compras das fam\u00edlias. Os itens foram escolhidos aleatoriamente como itens que, em algum momento, podem fazer parte das decis\u00f5es de consumo do trabalhador e da trabalhadora.<\/p>\n<p>Vale observar ainda que a proposta N\u00c3O \u00e9 constituir e acompanhar um indicador de infla\u00e7\u00e3o.<\/p>\n<div class=\"wp-block-image\">\n<figure class=\"alignleft size-large is-resized\"><img fetchpriority=\"high\" decoding=\"async\" class=\"wp-image-474274 lazy loaded\" src=\"https:\/\/www.redebrasilatual.com.br\/wp-content\/uploads\/2021\/02\/tabela-1024x941.jpg\" sizes=\"(max-width: 734px) 100vw, 734px\" srcset=\"https:\/\/www.redebrasilatual.com.br\/wp-content\/uploads\/2021\/02\/tabela-1024x941.jpg 1024w, https:\/\/www.redebrasilatual.com.br\/wp-content\/uploads\/2021\/02\/tabela-360x331.jpg 360w, https:\/\/www.redebrasilatual.com.br\/wp-content\/uploads\/2021\/02\/tabela-768x706.jpg 768w, https:\/\/www.redebrasilatual.com.br\/wp-content\/uploads\/2021\/02\/tabela.jpg 1200w\" alt=\"\" width=\"734\" height=\"674\" data-src=\"https:\/\/www.redebrasilatual.com.br\/wp-content\/uploads\/2021\/02\/tabela-1024x941.jpg\" data-srcset=\"https:\/\/www.redebrasilatual.com.br\/wp-content\/uploads\/2021\/02\/tabela-1024x941.jpg 1024w, https:\/\/www.redebrasilatual.com.br\/wp-content\/uploads\/2021\/02\/tabela-360x331.jpg 360w, https:\/\/www.redebrasilatual.com.br\/wp-content\/uploads\/2021\/02\/tabela-768x706.jpg 768w, https:\/\/www.redebrasilatual.com.br\/wp-content\/uploads\/2021\/02\/tabela.jpg 1200w\" data-sizes=\"(max-width: 734px) 100vw, 734px\" data-was-processed=\"true\" \/><\/figure>\n<\/div>\n<hr class=\"wp-block-separator is-style-wide\" \/>\n<p><em><strong>Jefferson Jos\u00e9 da Concei\u00e7\u00e3o<\/strong>. Coordenador do Observat\u00f3rio Conjuscs. Graduado em Economia pela UFRJ. Mestre em Administra\u00e7\u00e3o pelo Imes. Doutor em Sociologia pela USP. Professor da USCS. Blog:\u00a0<a href=\"http:\/\/www.blogdojeff.com.br\/\" target=\"_blank\" rel=\"noopener noreferrer\">www.blogdojeff.com.br<\/a>. Autor de Entre a m\u00e3o invis\u00edvel e o Leviat\u00e3: contribui\u00e7\u00f5es heterodoxas \u00e0 economia brasileira\u201d. Dispon\u00edvel em\u00a0<a href=\"http:\/\/www.estantevirtual.com.br\/\" target=\"_blank\" rel=\"noopener noreferrer\">www.estantevirtual.com.br<\/a>.<\/em><\/p>\n<p><em><strong>Ana Paula Lazari Ferreira<\/strong>. Jornalista pela Universidade Municipal de S\u00e3o Caetano do Sul (USCS), com especializa\u00e7\u00e3o em Master in Business Communication pela Uscs<\/em><\/p>\n<p><span style=\"text-decoration: underline;\">Fonte: Rede Brasil Atual<\/span><\/p>\n","protected":false},"excerpt":{"rendered":"<p>A nota t\u00e9cnica apresenta a metodologia do novo indicador, lan\u00e7ado em fevereiro de 2021, a ser acompanhado e divulgado periodicamente pelo Observat\u00f3rio Conjuscs.\u00a0Uma das formas cl\u00e1ssicas de mensura\u00e7\u00e3o do valor de produtos e servi\u00e7os \u00e9 aquela que considera as horas de trabalho necess\u00e1rias para a sua aquisi\u00e7\u00e3o pelo trabalhador e trabalhadora. Diversos estudos te\u00f3ricos, pesquisas [&hellip;]<\/p>\n","protected":false},"author":2,"featured_media":10519,"comment_status":"","ping_status":"","sticky":false,"template":"","format":"standard","meta":{"footnotes":""},"categories":[3],"tags":[],"class_list":["post-10520","post","type-post","status-publish","format-standard","has-post-thumbnail","hentry","category-noticias"],"_links":{"self":[{"href":"https:\/\/hostnetart.com.br\/baixada\/wp-json\/wp\/v2\/posts\/10520","targetHints":{"allow":["GET"]}}],"collection":[{"href":"https:\/\/hostnetart.com.br\/baixada\/wp-json\/wp\/v2\/posts"}],"about":[{"href":"https:\/\/hostnetart.com.br\/baixada\/wp-json\/wp\/v2\/types\/post"}],"author":[{"embeddable":true,"href":"https:\/\/hostnetart.com.br\/baixada\/wp-json\/wp\/v2\/users\/2"}],"replies":[{"embeddable":true,"href":"https:\/\/hostnetart.com.br\/baixada\/wp-json\/wp\/v2\/comments?post=10520"}],"version-history":[{"count":0,"href":"https:\/\/hostnetart.com.br\/baixada\/wp-json\/wp\/v2\/posts\/10520\/revisions"}],"wp:featuredmedia":[{"embeddable":true,"href":"https:\/\/hostnetart.com.br\/baixada\/wp-json\/wp\/v2\/media\/10519"}],"wp:attachment":[{"href":"https:\/\/hostnetart.com.br\/baixada\/wp-json\/wp\/v2\/media?parent=10520"}],"wp:term":[{"taxonomy":"category","embeddable":true,"href":"https:\/\/hostnetart.com.br\/baixada\/wp-json\/wp\/v2\/categories?post=10520"},{"taxonomy":"post_tag","embeddable":true,"href":"https:\/\/hostnetart.com.br\/baixada\/wp-json\/wp\/v2\/tags?post=10520"}],"curies":[{"name":"wp","href":"https:\/\/api.w.org\/{rel}","templated":true}]}}