{"id":10518,"date":"2021-03-01T10:57:32","date_gmt":"2021-03-01T13:57:32","guid":{"rendered":"https:\/\/hostnetart.com.br\/baixada\/vem-ai-o-imposto-de-renda-2021-com-a-tabela-defasada-em-mais-de-100\/"},"modified":"2021-03-01T10:57:32","modified_gmt":"2021-03-01T13:57:32","slug":"vem-ai-o-imposto-de-renda-2021-com-a-tabela-defasada-em-mais-de-100","status":"publish","type":"post","link":"https:\/\/hostnetart.com.br\/baixada\/vem-ai-o-imposto-de-renda-2021-com-a-tabela-defasada-em-mais-de-100\/","title":{"rendered":"Vem a\u00ed o Imposto de Renda 2021. Com a tabela defasada em mais de 100%"},"content":{"rendered":"<p>A partir de segunda-feira (1\u00ba), come\u00e7a o prazo para entrega da declara\u00e7\u00e3o do Imposto de Renda, que vai at\u00e9 30 de abril. As regras foram divulgadas pela\u00a0<a href=\"https:\/\/www.gov.br\/receitafederal\/pt-br\" target=\"_blank\" rel=\"noopener noreferrer\">Receita Federal<\/a>\u00a0na \u00faltima quarta-feira (24), inclusive com a libera\u00e7\u00e3o do programa gerador. A Receita espera receber 32 milh\u00f5es de declara\u00e7\u00f5es. Se o governo corrigisse a tabela, como seu mandat\u00e1rio prometeu, o n\u00famero seria bem menor.<\/p>\n<p>O presidente da Rep\u00fablica vem descumprindo promessa de campanha sobre esse tema. Chegou a falar em isen\u00e7\u00e3o para quem ganhasse at\u00e9 R$ 5 mil e\u00a0<a href=\"https:\/\/oglobo.globo.com\/economia\/bolsonaro-diz-que-vai-tentar-aumentar-isencao-do-ir-para-3-mil-ate-2022-1-24838880\" target=\"_blank\" rel=\"noopener noreferrer\">depois reduziu para R$ 3 mil,<\/a>\u00a0culpando a pandemia. Agora, no in\u00edcio deste m\u00eas, falou que dava \u201cpra dar uma mexidinha\u201d, mas a tabela seguiu intacta.\u00a0<\/p>\n<h3>Corre\u00e7\u00e3o \u201ccom certeza\u201d<\/h3>\n<p>Em maio de 2019,\u00a0<a href=\"https:\/\/agenciabrasil.ebc.com.br\/economia\/noticia\/2019-05\/bolsonaro-diz-que-governo-vai-corrigir-tabela-do-imposto-de-renda-este\">ele declarou em entrevista que o governo corrigiria a tabela no ano seguinte<\/a>. Falei para o Paulo Guedes que, no m\u00ednimo, este ano temos que corrigir de acordo com a infla\u00e7\u00e3o a tabela para o ano que vem. (\u2026) Espero que ele cumpra, que orienta\u00e7\u00e3o n\u00e3o \u00e9 ordem. Mas, pelo menos, corrigir o Imposto de Renda pela infla\u00e7\u00e3o, isso, com toda a certeza, vai sair.\u201d<\/p>\n<p><a href=\"https:\/\/www.redebrasilatual.com.br\/economia\/2021\/01\/salario-minimo-abaixo-da-inflacao-tabela-do-ir-mais-defasada\/\" target=\"_blank\" rel=\"noopener noreferrer\">Em janeiro, a\u00a0<strong>RBA<\/strong>\u00a0informou que, com a infla\u00e7\u00e3o de 2020, a defasagem acumulada em 24 anos na tabela do IR chegou a 113,09%.\u00a0<\/a>O c\u00e1lculo foi divulgado pelo Sindicato dos Auditores Fiscais da Receita Federal (Sindifisco). Os governos Lula e Dilma fizeram aumentos cont\u00ednuos de 2005 a 2015, \u00e0s vezes sem acompanhar a infla\u00e7\u00e3o do per\u00edodo, mas ao menos mantendo algum n\u00edvel de corre\u00e7\u00e3o.<\/p>\n<h3>Redutor de renda<\/h3>\n<p>J\u00e1 outras gest\u00f5es, incluindo a atual, n\u00e3o mexeram na tabela, uma medida que ao mesmo tempo reduz o poder aquisitivo e aumenta a carga tribut\u00e1ria. O pr\u00f3prio presidente admitiu, na mesma entrevista: \u201cHoje em dia, o Imposto de Renda \u00e9 redutor de renda\u201d.<\/p>\n<p>Apenas a faixa de isen\u00e7\u00e3o est\u00e1 acumulada em 111,29%. Se esse \u00edndice fosse aplicado, o valor passaria dos atuais R$ 1.903,98 para R$ 4.022,89. Pelo menos 10 milh\u00f5es de pessoas escapariam.<\/p>\n<p><strong>Fonte: Rede Brasil Atual<\/strong><\/p>\n","protected":false},"excerpt":{"rendered":"<p>A partir de segunda-feira (1\u00ba), come\u00e7a o prazo para entrega da declara\u00e7\u00e3o do Imposto de Renda, que vai at\u00e9 30 de abril. As regras foram divulgadas pela\u00a0Receita Federal\u00a0na \u00faltima quarta-feira (24), inclusive com a libera\u00e7\u00e3o do programa gerador. A Receita espera receber 32 milh\u00f5es de declara\u00e7\u00f5es. Se o governo corrigisse a tabela, como seu mandat\u00e1rio [&hellip;]<\/p>\n","protected":false},"author":2,"featured_media":10517,"comment_status":"","ping_status":"","sticky":false,"template":"","format":"standard","meta":{"footnotes":""},"categories":[3],"tags":[],"class_list":["post-10518","post","type-post","status-publish","format-standard","has-post-thumbnail","hentry","category-noticias"],"_links":{"self":[{"href":"https:\/\/hostnetart.com.br\/baixada\/wp-json\/wp\/v2\/posts\/10518","targetHints":{"allow":["GET"]}}],"collection":[{"href":"https:\/\/hostnetart.com.br\/baixada\/wp-json\/wp\/v2\/posts"}],"about":[{"href":"https:\/\/hostnetart.com.br\/baixada\/wp-json\/wp\/v2\/types\/post"}],"author":[{"embeddable":true,"href":"https:\/\/hostnetart.com.br\/baixada\/wp-json\/wp\/v2\/users\/2"}],"replies":[{"embeddable":true,"href":"https:\/\/hostnetart.com.br\/baixada\/wp-json\/wp\/v2\/comments?post=10518"}],"version-history":[{"count":0,"href":"https:\/\/hostnetart.com.br\/baixada\/wp-json\/wp\/v2\/posts\/10518\/revisions"}],"wp:featuredmedia":[{"embeddable":true,"href":"https:\/\/hostnetart.com.br\/baixada\/wp-json\/wp\/v2\/media\/10517"}],"wp:attachment":[{"href":"https:\/\/hostnetart.com.br\/baixada\/wp-json\/wp\/v2\/media?parent=10518"}],"wp:term":[{"taxonomy":"category","embeddable":true,"href":"https:\/\/hostnetart.com.br\/baixada\/wp-json\/wp\/v2\/categories?post=10518"},{"taxonomy":"post_tag","embeddable":true,"href":"https:\/\/hostnetart.com.br\/baixada\/wp-json\/wp\/v2\/tags?post=10518"}],"curies":[{"name":"wp","href":"https:\/\/api.w.org\/{rel}","templated":true}]}}