{"id":10516,"date":"2021-02-26T21:37:39","date_gmt":"2021-02-27T00:37:39","guid":{"rendered":"https:\/\/hostnetart.com.br\/baixada\/presidente-do-banco-do-brasil-coloca-cargo-a-disposicao\/"},"modified":"2021-02-26T21:37:39","modified_gmt":"2021-02-27T00:37:39","slug":"presidente-do-banco-do-brasil-coloca-cargo-a-disposicao","status":"publish","type":"post","link":"https:\/\/hostnetart.com.br\/baixada\/presidente-do-banco-do-brasil-coloca-cargo-a-disposicao\/","title":{"rendered":"Presidente do Banco do Brasil coloca cargo \u00e0 disposi\u00e7\u00e3o"},"content":{"rendered":"<p>A sess\u00e3o desta sexta-feira (26) foi novamente de turbul\u00eancia para as estatais. De acordo com informa\u00e7\u00f5es do jornal O Globo, que cita fontes do Pal\u00e1cio do Planalto, o presidente do Banco do Brasil (<a href=\"http:\/\/infomoney.com.br\/bbas3\">BBAS3<\/a>) Andr\u00e9 Brand\u00e3o, colocou o cargo \u00e0 disposi\u00e7\u00e3o do presidente Jair Bolsonaro. Com isso, as a\u00e7\u00f5es BBAS3 intensificaram a queda na reta final do preg\u00e3o, fechando com baixa de 4,92%, a R$ 28,05, ap\u00f3s chegarem a ter perdas de 5,39% na m\u00ednima do dia.<\/p>\n<p>Os pap\u00e9is, que j\u00e1 registravam uma certa volatilidade durante a sess\u00e3o, intensificaram as perdas um pouco antes das 16h, quando foi publicada a not\u00edcia. Confira no gr\u00e1fico abaixo:<\/p>\n<figure id=\"attachment_1602191\" class=\"wp-caption alignnone\"><a href=\"https:\/\/www.infomoney.com.br\/mercados\/presidente-do-banco-do-brasil-coloca-cargo-a-disposicao-diz-jornal-acoes-caem-mais-de-4\/attachment\/bbas3-260221\/\" rel=\"attachment wp-att-1602191\"><img fetchpriority=\"high\" decoding=\"async\" class=\"size-full wp-image-1602191 jetpack-lazy-image jetpack-lazy-image--handled\" src=\"https:\/\/www.infomoney.com.br\/wp-content\/uploads\/2021\/02\/BBAS3-260221.jpg?quality=70&amp;resize=1024%2C530&amp;strip=all\" sizes=\"(max-width: 1000px) 100vw, 1000px\" srcset=\"https:\/\/www.infomoney.com.br\/wp-content\/uploads\/2021\/02\/BBAS3-260221.jpg?w=1207&amp;quality=70&amp;strip=all 1207w, https:\/\/www.infomoney.com.br\/wp-content\/uploads\/2021\/02\/BBAS3-260221.jpg?w=300&amp;quality=70&amp;strip=all 300w, https:\/\/www.infomoney.com.br\/wp-content\/uploads\/2021\/02\/BBAS3-260221.jpg?w=768&amp;quality=70&amp;strip=all 768w, https:\/\/www.infomoney.com.br\/wp-content\/uploads\/2021\/02\/BBAS3-260221.jpg?w=150&amp;quality=70&amp;strip=all 150w\" alt=\"\" width=\"1024\" height=\"530\" data-recalc-dims=\"1\" data-lazy-loaded=\"1\" \/><\/a><figcaption id=\"caption-attachment-1602191\" class=\"wp-caption-text\">(Fonte: B3)<\/figcaption><\/figure>\n<p>No in\u00edcio da semana, aponta o jornal, Brand\u00e3o teve uma reuni\u00e3o com o ministro da Economia, Paulo Guedes, quando manifestou o desconforto em permanecer no cargo, depois dos rumores de que Bolsonaro queria substitui-lo.\u00a0<\/p>\n<p>Segundo a publica\u00e7\u00e3o, foi pedido a ele que permane\u00e7a \u00e0 frente do BB por mais um tempo at\u00e9 que se encontre um substituto. Entre os cotados, o presidente do Banco de Bras\u00edlia (BRB), Paulo Henrique Costa, o secret\u00e1rio-executivo do Minist\u00e9rio da Cidadania, Ant\u00f4nio Barreto, e o presidente do BNDES, Gustavo Montezano.<\/p>\n<p>Brand\u00e3o j\u00e1 enfrentava uma<a href=\"https:\/\/www.infomoney.com.br\/mercados\/andre-brandao-pode-deixar-presidencia-do-banco-do-brasil-diz-veja-acoes-caem-mais-de-3\/\">\u00a0situa\u00e7\u00e3o bastante delicada desde o in\u00edcio do ano,<\/a>\u00a0quando anunciou um plano de reestrutura\u00e7\u00e3o do banco envolvendo fechamento de ag\u00eancias do banco e do plano de demiss\u00e3o volunt\u00e1ria que desagradou o presidente Jair Bolsonaro, que buscou for\u00e7ar uma demiss\u00e3o do executivo, bem avaliado pelo mercado. Contudo, Roberto Campos Neto, presidente do Banco Central,<a href=\"https:\/\/www.infomoney.com.br\/mercados\/campos-neto-consegue-reverter-saida-do-presidente-do-bb-mas-politicos-trabalham-para-que-demissao-se-concretize\/\">\u00a0conseguiu convencer Bolsonaro a n\u00e3o tir\u00e1-lo do cargo<\/a>.<\/p>\n<p>Na ocasi\u00e3o, Campos Neto, que tem alta estima com o presidente, o alertou de que uma demiss\u00e3o seria avaliada como interfer\u00eancia pol\u00edtica em uma empresa p\u00fablica que tem a\u00e7\u00f5es na Bolsa.<\/p>\n<p>Segundo o jornal O Globo, Brand\u00e3o tomou a decis\u00e3o de colocar o seu cargo \u00e0 disposi\u00e7\u00e3o depois de observar o destino do presidente da Petrobras (<a href=\"http:\/\/infomoney.com.br\/petr3\">PETR3<\/a>;<a href=\"http:\/\/infomoney.com.br\/petr4\">PETR4<\/a>), Roberto Castello Branco, demitido por Bolsonaro. \u201cO executivo, que assumiu o cargo em setembro do ano passado, quis evitar esse tipo de constrangimento\u201d, aponta a publica\u00e7\u00e3o.<\/p>\n<p>Conforme destaca o Credit Suisse, Brand\u00e3o \u00e9 bem visto pelo mercado e estava avan\u00e7ando nas iniciativas de reestrutura\u00e7\u00e3o. \u201cSe confirmado, o foco deve ser em seu potencial sucessor, aumentando a incerteza\u201d, avaliam os analistas.<\/p>\n<p>Fonte: Valor Econ\u00f4mico<\/p>\n","protected":false},"excerpt":{"rendered":"<p>A sess\u00e3o desta sexta-feira (26) foi novamente de turbul\u00eancia para as estatais. De acordo com informa\u00e7\u00f5es do jornal O Globo, que cita fontes do Pal\u00e1cio do Planalto, o presidente do Banco do Brasil (BBAS3) Andr\u00e9 Brand\u00e3o, colocou o cargo \u00e0 disposi\u00e7\u00e3o do presidente Jair Bolsonaro. Com isso, as a\u00e7\u00f5es BBAS3 intensificaram a queda na reta [&hellip;]<\/p>\n","protected":false},"author":2,"featured_media":10515,"comment_status":"","ping_status":"","sticky":false,"template":"","format":"standard","meta":{"footnotes":""},"categories":[3],"tags":[],"class_list":["post-10516","post","type-post","status-publish","format-standard","has-post-thumbnail","hentry","category-noticias"],"_links":{"self":[{"href":"https:\/\/hostnetart.com.br\/baixada\/wp-json\/wp\/v2\/posts\/10516","targetHints":{"allow":["GET"]}}],"collection":[{"href":"https:\/\/hostnetart.com.br\/baixada\/wp-json\/wp\/v2\/posts"}],"about":[{"href":"https:\/\/hostnetart.com.br\/baixada\/wp-json\/wp\/v2\/types\/post"}],"author":[{"embeddable":true,"href":"https:\/\/hostnetart.com.br\/baixada\/wp-json\/wp\/v2\/users\/2"}],"replies":[{"embeddable":true,"href":"https:\/\/hostnetart.com.br\/baixada\/wp-json\/wp\/v2\/comments?post=10516"}],"version-history":[{"count":0,"href":"https:\/\/hostnetart.com.br\/baixada\/wp-json\/wp\/v2\/posts\/10516\/revisions"}],"wp:featuredmedia":[{"embeddable":true,"href":"https:\/\/hostnetart.com.br\/baixada\/wp-json\/wp\/v2\/media\/10515"}],"wp:attachment":[{"href":"https:\/\/hostnetart.com.br\/baixada\/wp-json\/wp\/v2\/media?parent=10516"}],"wp:term":[{"taxonomy":"category","embeddable":true,"href":"https:\/\/hostnetart.com.br\/baixada\/wp-json\/wp\/v2\/categories?post=10516"},{"taxonomy":"post_tag","embeddable":true,"href":"https:\/\/hostnetart.com.br\/baixada\/wp-json\/wp\/v2\/tags?post=10516"}],"curies":[{"name":"wp","href":"https:\/\/api.w.org\/{rel}","templated":true}]}}