{"id":10512,"date":"2021-02-26T16:51:00","date_gmt":"2021-02-26T19:51:00","guid":{"rendered":"https:\/\/hostnetart.com.br\/baixada\/saiba-tudo-sobre-a-liminar-contra-a-reestruturacao-do-banco-do-brasil\/"},"modified":"2021-02-26T16:51:00","modified_gmt":"2021-02-26T19:51:00","slug":"saiba-tudo-sobre-a-liminar-contra-a-reestruturacao-do-banco-do-brasil","status":"publish","type":"post","link":"https:\/\/hostnetart.com.br\/baixada\/saiba-tudo-sobre-a-liminar-contra-a-reestruturacao-do-banco-do-brasil\/","title":{"rendered":"Saiba tudo sobre a liminar contra a reestrutura\u00e7\u00e3o do Banco do Brasil"},"content":{"rendered":"<p>Vamos conversar sobre o plano de reestrutura\u00e7\u00e3o lan\u00e7ado pelo Banco do Brasil em janeiro desse ano? Est\u00e3o previstas 5.000 demiss\u00f5es, o fechamento de 112 ag\u00eancias, 242 postos de atendimento e sete escrit\u00f3rios do banco, com altera\u00e7\u00e3o unilateral no contrato de trabalho dos banc\u00e1rios, extin\u00e7\u00e3o de cargos, fun\u00e7\u00f5es e descomissionamentos.<\/p>\n<p>Quais os impactos imediatos, a m\u00e9dio e longo prazos dessas medidas? Quais as a\u00e7\u00f5es administrativas e judiciais foram tomadas? O que cada banc\u00e1rio e cada sindicato tem que fazer?<\/p>\n<p>Fique por dentro deste assunto e saiba quais s\u00e3o os poss\u00edveis desdobramentos das a\u00e7\u00f5es judiciais em andamento! Participe do bate papo, envie perguntas e tire suas d\u00favidas!<\/p>\n<p>O bate-papo ser\u00e1 na segunda-feira (1\u00ba\/3), a partir das 18h, com transmiss\u00e3o ao vivo pelo\u00a0<a href=\"https:\/\/www.youtube.com\/watch?v=hWZILXaIAhY\" target=\"_blank\" rel=\"noopener noreferrer\">Youtube<\/a>\u00a0e\u00a0<a href=\"https:\/\/www.facebook.com\/1069760243037010\/posts\/4349306715082330\/\" target=\"_blank\" rel=\"noopener noreferrer\">Facebook<\/a>\u00a0da Contraf-CUT e tamb\u00e9m pela\u00a0<a href=\"https:\/\/www.facebook.com\/499020713530246\/posts\/3707603056005313\/\" target=\"_blank\" rel=\"noopener noreferrer\">p\u00e1gina do Crivelli Advogados no Facebook<\/a>. Para passar as informa\u00e7\u00f5es e esclarecer as d\u00favidas da categoria, foram convidados o coordenador da Comiss\u00e3o de Empresas dos Funcion\u00e1rios do Banco do Brasil (CEBB), Jo\u00e3o Fukunaga, o diretor Jur\u00eddico do Sindicato dos Banc\u00e1rios de S\u00e3o Paulo, Osasco e Regi\u00e3o, Ernesto Izumi, e os advogados Renata Cabral, assessora jur\u00eddica da Contraf-CUT, e Marco Aur\u00e9lio dos Anjos, ambos s\u00f3cios do Crivelli Advogados.<\/p>\n<h3>Bate-papo sobre liminar contra a reestrutura\u00e7\u00e3o do BB<\/h3>\n<p><strong>Segunda-feira, 1\u00ba de mar\u00e7o<br \/>A partir das 18h<br \/>Nas p\u00e1ginas da Contraf-CUT no Youtube e Facebook e do Crivelli Advogados<\/strong><\/p>\n<p><span style=\"text-decoration: underline;\">Fonte: Contraf-CUT<\/span><\/p>\n","protected":false},"excerpt":{"rendered":"<p>Vamos conversar sobre o plano de reestrutura\u00e7\u00e3o lan\u00e7ado pelo Banco do Brasil em janeiro desse ano? Est\u00e3o previstas 5.000 demiss\u00f5es, o fechamento de 112 ag\u00eancias, 242 postos de atendimento e sete escrit\u00f3rios do banco, com altera\u00e7\u00e3o unilateral no contrato de trabalho dos banc\u00e1rios, extin\u00e7\u00e3o de cargos, fun\u00e7\u00f5es e descomissionamentos. Quais os impactos imediatos, a m\u00e9dio [&hellip;]<\/p>\n","protected":false},"author":2,"featured_media":10511,"comment_status":"","ping_status":"","sticky":false,"template":"","format":"standard","meta":{"footnotes":""},"categories":[3],"tags":[],"class_list":["post-10512","post","type-post","status-publish","format-standard","has-post-thumbnail","hentry","category-noticias"],"_links":{"self":[{"href":"https:\/\/hostnetart.com.br\/baixada\/wp-json\/wp\/v2\/posts\/10512","targetHints":{"allow":["GET"]}}],"collection":[{"href":"https:\/\/hostnetart.com.br\/baixada\/wp-json\/wp\/v2\/posts"}],"about":[{"href":"https:\/\/hostnetart.com.br\/baixada\/wp-json\/wp\/v2\/types\/post"}],"author":[{"embeddable":true,"href":"https:\/\/hostnetart.com.br\/baixada\/wp-json\/wp\/v2\/users\/2"}],"replies":[{"embeddable":true,"href":"https:\/\/hostnetart.com.br\/baixada\/wp-json\/wp\/v2\/comments?post=10512"}],"version-history":[{"count":0,"href":"https:\/\/hostnetart.com.br\/baixada\/wp-json\/wp\/v2\/posts\/10512\/revisions"}],"wp:featuredmedia":[{"embeddable":true,"href":"https:\/\/hostnetart.com.br\/baixada\/wp-json\/wp\/v2\/media\/10511"}],"wp:attachment":[{"href":"https:\/\/hostnetart.com.br\/baixada\/wp-json\/wp\/v2\/media?parent=10512"}],"wp:term":[{"taxonomy":"category","embeddable":true,"href":"https:\/\/hostnetart.com.br\/baixada\/wp-json\/wp\/v2\/categories?post=10512"},{"taxonomy":"post_tag","embeddable":true,"href":"https:\/\/hostnetart.com.br\/baixada\/wp-json\/wp\/v2\/tags?post=10512"}],"curies":[{"name":"wp","href":"https:\/\/api.w.org\/{rel}","templated":true}]}}