{"id":10508,"date":"2021-02-26T16:47:54","date_gmt":"2021-02-26T19:47:54","guid":{"rendered":"https:\/\/hostnetart.com.br\/baixada\/depois-de-cobranca-bradesco-apresenta-canal-de-atendimento-as-mulheres-vitimas-de-violencia-domestica\/"},"modified":"2021-02-26T16:47:54","modified_gmt":"2021-02-26T19:47:54","slug":"depois-de-cobranca-bradesco-apresenta-canal-de-atendimento-as-mulheres-vitimas-de-violencia-domestica","status":"publish","type":"post","link":"https:\/\/hostnetart.com.br\/baixada\/depois-de-cobranca-bradesco-apresenta-canal-de-atendimento-as-mulheres-vitimas-de-violencia-domestica\/","title":{"rendered":"Depois de cobran\u00e7a, Bradesco apresenta Canal de atendimento \u00e0s mulheres v\u00edtimas de viol\u00eancia dom\u00e9stica"},"content":{"rendered":"<p>O Bradesco apresentou o seu canal de atendimento \u00e0s mulheres v\u00edtimas de viol\u00eancia dom\u00e9stica e seus familiares, com acolhimento psicol\u00f3gico, social e financeiro, em reuni\u00e3o realizada na tarde desta quinta-feira (25), por videoconfer\u00eancia.<\/p>\n<p>O tema foi um pedido da Comiss\u00e3o Organiza\u00e7\u00e3o dos Empregados (COE) do Bradesco por transpar\u00eancia no cumprimento do acordo incorporado \u00e0 Conven\u00e7\u00e3o Coletiva de Trabalho (CCT), em setembro de 2020, que garante a cria\u00e7\u00e3o de um canal em todos os bancos, entre outras a\u00e7\u00f5es de car\u00e1ter preventivo para lidar com a quest\u00e3o.<\/p>\n<p>\u201cAs a\u00e7\u00f5es apresentadas hoje pelo banco s\u00e3o muito importantes, pois mostram claramente o compromisso com esta luta que \u00e9 de todas n\u00f3s. Ter o acolhimento \u00e9 fundamental para que a mulher banc\u00e1ria sinta-se segura e fortalecida para enfrentar essa situa\u00e7\u00e3o dif\u00edcil\u201d, afirmou Magaly Fagundes, coordenadora da COE Bradesco.<\/p>\n<p>Elaine Cutis, secret\u00e1ria da Mulher da Confedera\u00e7\u00e3o Nacional dos Trabalhadores do Ramo Financeiro (Contraf-CUT), que tamb\u00e9m participou da reuni\u00e3o, enalteceu a import\u00e2ncia do banco atender \u00e0 reivindica\u00e7\u00e3o do movimento sindical. \u201cS\u00f3 com esse tipo de clareza que conseguiremos discutir melhorias em cada uma das a\u00e7\u00f5es realizada pelo banco, para melhor atender as banc\u00e1rias v\u00edtimas de viol\u00eancia.\u201d<\/p>\n<h3>Fechamento de ag\u00eancias<\/h3>\n<p>Outro tema debatido na reuni\u00e3o, foi o fechamento das ag\u00eancias, anunciadas pelo presidente do banco, Octavio de Lazari, h\u00e1 algumas semanas. \u201cRefor\u00e7amos mais uma vez com a dire\u00e7\u00e3o do banco que o nosso compromisso e a nossa prioridade \u00e9 a garantia dos empregos. N\u00f3s vamos sempre lutar pelo fim das demiss\u00f5es, principalmente durante a pandemia\u201d, esclareceu Magaly.<\/p>\n<h3>Teletrabalho<\/h3>\n<p>O movimento sindical questionou quando come\u00e7ar\u00e1 a valer o acordo de teletrabalho, aprovado em 2020. O banco esclareceu que o acordo s\u00f3 passa a valer depois da pandemia. No momento, as equipes est\u00e3o em home-office ou em situa\u00e7\u00e3o de rod\u00edzio por conta as restri\u00e7\u00f5es da pandemia do novo coronav\u00edrus (Covid-19), como acertado com o movimento sindical.<\/p>\n<p><strong>Fonte: Contraf-CUT<\/strong><\/p>\n","protected":false},"excerpt":{"rendered":"<p>O Bradesco apresentou o seu canal de atendimento \u00e0s mulheres v\u00edtimas de viol\u00eancia dom\u00e9stica e seus familiares, com acolhimento psicol\u00f3gico, social e financeiro, em reuni\u00e3o realizada na tarde desta quinta-feira (25), por videoconfer\u00eancia. O tema foi um pedido da Comiss\u00e3o Organiza\u00e7\u00e3o dos Empregados (COE) do Bradesco por transpar\u00eancia no cumprimento do acordo incorporado \u00e0 Conven\u00e7\u00e3o [&hellip;]<\/p>\n","protected":false},"author":2,"featured_media":10507,"comment_status":"","ping_status":"","sticky":false,"template":"","format":"standard","meta":{"footnotes":""},"categories":[3],"tags":[],"class_list":["post-10508","post","type-post","status-publish","format-standard","has-post-thumbnail","hentry","category-noticias"],"_links":{"self":[{"href":"https:\/\/hostnetart.com.br\/baixada\/wp-json\/wp\/v2\/posts\/10508","targetHints":{"allow":["GET"]}}],"collection":[{"href":"https:\/\/hostnetart.com.br\/baixada\/wp-json\/wp\/v2\/posts"}],"about":[{"href":"https:\/\/hostnetart.com.br\/baixada\/wp-json\/wp\/v2\/types\/post"}],"author":[{"embeddable":true,"href":"https:\/\/hostnetart.com.br\/baixada\/wp-json\/wp\/v2\/users\/2"}],"replies":[{"embeddable":true,"href":"https:\/\/hostnetart.com.br\/baixada\/wp-json\/wp\/v2\/comments?post=10508"}],"version-history":[{"count":0,"href":"https:\/\/hostnetart.com.br\/baixada\/wp-json\/wp\/v2\/posts\/10508\/revisions"}],"wp:featuredmedia":[{"embeddable":true,"href":"https:\/\/hostnetart.com.br\/baixada\/wp-json\/wp\/v2\/media\/10507"}],"wp:attachment":[{"href":"https:\/\/hostnetart.com.br\/baixada\/wp-json\/wp\/v2\/media?parent=10508"}],"wp:term":[{"taxonomy":"category","embeddable":true,"href":"https:\/\/hostnetart.com.br\/baixada\/wp-json\/wp\/v2\/categories?post=10508"},{"taxonomy":"post_tag","embeddable":true,"href":"https:\/\/hostnetart.com.br\/baixada\/wp-json\/wp\/v2\/tags?post=10508"}],"curies":[{"name":"wp","href":"https:\/\/api.w.org\/{rel}","templated":true}]}}