{"id":10506,"date":"2021-02-26T16:41:15","date_gmt":"2021-02-26T19:41:15","guid":{"rendered":"https:\/\/hostnetart.com.br\/baixada\/live-lanca-campanha-nacional-contra-a-privatizacao\/"},"modified":"2021-02-26T16:41:15","modified_gmt":"2021-02-26T19:41:15","slug":"live-lanca-campanha-nacional-contra-a-privatizacao","status":"publish","type":"post","link":"https:\/\/hostnetart.com.br\/baixada\/live-lanca-campanha-nacional-contra-a-privatizacao\/","title":{"rendered":"Live lan\u00e7a campanha nacional contra a privatiza\u00e7\u00e3o"},"content":{"rendered":"<p>Foi lan\u00e7ada nesta \u00faltima quarta-feira (24) a campanha \u201cN\u00e3o deixem vender o Brasil\u201d, promovida pela CUT e entidades filiadas, em defesa das empresas estatais brasileiras. A presidenta da Confedera\u00e7\u00e3o Nacional dos Trabalhadores do Ramo Financeiro (Contraf-CUT), Juvandia Moreira, participou do debate junto com dirigentes sindicais e parlamentares.<\/p>\n<p>A live foi mediada pelo secret\u00e1rio de Comunica\u00e7\u00e3o da CUT, Roni Barbosa, que informou que a campanha vai apresentar a partir desta quinta-feira (25) pe\u00e7as publicit\u00e1rias em emissoras de TV e r\u00e1dio, al\u00e9m das redes sociais da central e das entidades que apoiam a luta.<\/p>\n<p><strong>Bancos p\u00fablicos<\/strong><\/p>\n<p>\u201cEssa \u00e9 uma campanha em defesa do povo brasileiro. Quando falamos que defender a Caixa \u00e9 defender o Brasil, tamb\u00e9m queremos dizer que defender a Petrobras, defender a Eletrobras e os Correios tamb\u00e9m \u00e9 defender o Brasil. S\u00e3o empresas lucrativas. No caso dos bancos p\u00fablicos, s\u00e3o respons\u00e1veis por 80% do cr\u00e9dito de quase todas as regi\u00f5es do pa\u00eds, 69% do credito imobili\u00e1rio est\u00e1 na Caixa, que tamb\u00e9m atendeu a popula\u00e7\u00e3o no auxilio emergencial. O Banco do Brasil ofereceu na pandemia cr\u00e9dito para pequenas e medias empresas, com o cr\u00e9dito direcionado. O Banco do Brasil atendeu 110 mil medias e pequenas empresas na pandemia. O Ita\u00fa atendeu 47 mil. Os bancos p\u00fablicos s\u00e3o ferramentas importantes para o crescimento econ\u00f4mico e gera\u00e7\u00e3o de emprego e renda\u201d, falou a presidenta da Contraf-CUT.<\/p>\n<p>O objetivo de alertar a popula\u00e7\u00e3o para a amea\u00e7a da privatiza\u00e7\u00e3o foi destacado pelos participantes da live \u201cVivemos um momento de amea\u00e7a com a entrega de um bem valioso. O objetivo da campanha \u00e9 despertar na sociedade brasileira a necessidade de defender as empresas p\u00fablicas. Que as empresas p\u00fablicas sejam de todos e n\u00e3o de uns poucos empres\u00e1rios\u201d, alertou Ariovaldo de Camargo, secret\u00e1rio de Administra\u00e7\u00e3o e Finan\u00e7as da CUT.<\/p>\n<p><strong>Petrobras<\/strong><\/p>\n<p>A import\u00e2ncia das empresas p\u00fablicas para a economia brasileira e a gera\u00e7\u00e3o de empregos foi outra quest\u00e3o levantada pelo coordenador geral da Federa\u00e7\u00e3o \u00danica dos Petroleiros (FUP), Deyvid Bacelar. \u201cSabemos as riquezas geradas por essas empresas geram empregos e renda. Sabemos da import\u00e2ncia da Petrobras, criada a partir de uma grande mobiliza\u00e7\u00e3o social. N\u00f3s j\u00e1 temos algumas sinaliza\u00e7\u00f5es de vit\u00f3rias, como a queda de Roberto Castelo Branco (presidente da Petrobras) nos demonstra que as mobiliza\u00e7\u00f5es que foram feitas, principalmente sobre o pre\u00e7o justo dos combust\u00edveis. Isso chamou a aten\u00e7\u00e3o da sociedade e fez o governo recuar em alguns temas\u201d, ressaltou o coordenador da FUP.<\/p>\n<p>Os males que a privatiza\u00e7\u00e3o causa na vida da popula\u00e7\u00e3o foi o alerta feito pela deputada federal Gleisi Hofmann (PR), presidenta nacional do PT. \u201cEstamos preocupados porque a cabe\u00e7a do governo \u00e9 de que precisa entregar tudo para o privado. Um exemplo \u00e9 o que est\u00e3o fazendo com a Petrobras, que sofre uma interven\u00e7\u00e3o do mercado. A Petrobras mudou sua pol\u00edtica de pre\u00e7os e agora sofre a venda fatiada. Agora, a gasolina est\u00e1 alta, o diesel e o g\u00e1s de cozinha. A margem de lucro do diesel na Petrobras chegou a 150%. Outra amea\u00e7a \u00e9 a privatiza\u00e7\u00e3o da Eletrobras. Energia el\u00e9trica \u00e9 estrat\u00e9gica\u201d, destacou a deputada.<\/p>\n<p><strong>Popula\u00e7\u00e3o de baixa renda<\/strong><\/p>\n<p>O presidente da Federa\u00e7\u00e3o Nacional das Associa\u00e7\u00f5es do Pessoal da Caixa Econ\u00f4mica Federal (Fenae), S\u00e9rgio Takemoto, tamb\u00e9m participou da live. Ele lembrou que a Caixa completou em janeiro 160 anos e destacou que o banco sempre foi o local onde as pessoas de baixa renda depositaram suas esperan\u00e7as. \u201cNa pandemia, mais uma vez a Caixa se mostrou fundamental para atender a popula\u00e7\u00e3o de baixa renda, principalmente com o pagamento do aux\u00edlio emergencial. Metade da popula\u00e7\u00e3o brasileira passou pela Caixa nesse per\u00edodo. O governo j\u00e1 manifestou interesse de vender o setor de cart\u00f5es de cr\u00e9dito e outras \u00e1reas do banco, Tudo isso para enfraquecer a Caixa. \u00c9 ataque \u00e0 popula\u00e7\u00e3o de baixa renda\u201d, ressaltou Takemoto.<\/p>\n<p><span style=\"text-decoration: underline;\">Fonte: Contraf-CUT<\/span><\/p>\n","protected":false},"excerpt":{"rendered":"<p>Foi lan\u00e7ada nesta \u00faltima quarta-feira (24) a campanha \u201cN\u00e3o deixem vender o Brasil\u201d, promovida pela CUT e entidades filiadas, em defesa das empresas estatais brasileiras. A presidenta da Confedera\u00e7\u00e3o Nacional dos Trabalhadores do Ramo Financeiro (Contraf-CUT), Juvandia Moreira, participou do debate junto com dirigentes sindicais e parlamentares. A live foi mediada pelo secret\u00e1rio de Comunica\u00e7\u00e3o [&hellip;]<\/p>\n","protected":false},"author":2,"featured_media":10505,"comment_status":"","ping_status":"","sticky":false,"template":"","format":"standard","meta":{"footnotes":""},"categories":[3],"tags":[],"class_list":["post-10506","post","type-post","status-publish","format-standard","has-post-thumbnail","hentry","category-noticias"],"_links":{"self":[{"href":"https:\/\/hostnetart.com.br\/baixada\/wp-json\/wp\/v2\/posts\/10506","targetHints":{"allow":["GET"]}}],"collection":[{"href":"https:\/\/hostnetart.com.br\/baixada\/wp-json\/wp\/v2\/posts"}],"about":[{"href":"https:\/\/hostnetart.com.br\/baixada\/wp-json\/wp\/v2\/types\/post"}],"author":[{"embeddable":true,"href":"https:\/\/hostnetart.com.br\/baixada\/wp-json\/wp\/v2\/users\/2"}],"replies":[{"embeddable":true,"href":"https:\/\/hostnetart.com.br\/baixada\/wp-json\/wp\/v2\/comments?post=10506"}],"version-history":[{"count":0,"href":"https:\/\/hostnetart.com.br\/baixada\/wp-json\/wp\/v2\/posts\/10506\/revisions"}],"wp:featuredmedia":[{"embeddable":true,"href":"https:\/\/hostnetart.com.br\/baixada\/wp-json\/wp\/v2\/media\/10505"}],"wp:attachment":[{"href":"https:\/\/hostnetart.com.br\/baixada\/wp-json\/wp\/v2\/media?parent=10506"}],"wp:term":[{"taxonomy":"category","embeddable":true,"href":"https:\/\/hostnetart.com.br\/baixada\/wp-json\/wp\/v2\/categories?post=10506"},{"taxonomy":"post_tag","embeddable":true,"href":"https:\/\/hostnetart.com.br\/baixada\/wp-json\/wp\/v2\/tags?post=10506"}],"curies":[{"name":"wp","href":"https:\/\/api.w.org\/{rel}","templated":true}]}}