{"id":10502,"date":"2021-02-25T03:05:37","date_gmt":"2021-02-25T06:05:37","guid":{"rendered":"https:\/\/hostnetart.com.br\/baixada\/coe-se-reune-com-o-bradesco-nesta-quinta-feira-25\/"},"modified":"2021-02-25T03:05:37","modified_gmt":"2021-02-25T06:05:37","slug":"coe-se-reune-com-o-bradesco-nesta-quinta-feira-25","status":"publish","type":"post","link":"https:\/\/hostnetart.com.br\/baixada\/coe-se-reune-com-o-bradesco-nesta-quinta-feira-25\/","title":{"rendered":"COE se re\u00fane com o Bradesco nesta quinta-feira (25)"},"content":{"rendered":"<p>A Comiss\u00e3o de Organiza\u00e7\u00e3o dos Empregados (COE) do Bradesco se re\u00fane na tarde desta quinta-feira (25) com a dire\u00e7\u00e3o do banco para debater teletrabalho, fechamento de ag\u00eancias e garantias de emprego e viol\u00eancia contra a mulher.<\/p>\n<h3>Emprego<\/h3>\n<p>No mesmo dia em que o Bradesco anunciou um lucro l\u00edquido recorrente de R$ 19,458 bilh\u00f5es, o presidente do banco, Octavio de Lazari, disse em entrevista que deve reduzir em mais de um ter\u00e7o a sua rede de ag\u00eancias. O corte faz parte de um plano de reestrutura\u00e7\u00e3o de despesas que o banco j\u00e1 vem implementando desde o ano passado, quando fechou 7.754 postos de trabalho e 1.083 ag\u00eancias em 2020. A estimativa para este ano \u00e9 encerrar as atividades de mais 450 ag\u00eancias. Somado ao corte efetuado no ano passado, o n\u00famero significa uma redu\u00e7\u00e3o de 34,2% em rela\u00e7\u00e3o ao tamanho da rede em 2019, que contava com 4.478 ag\u00eancias.<\/p>\n<p>\u201cQueremos saber como fica o emprego nesta nova reestrutura\u00e7\u00e3o. Pois, mesmo durante a pandemia e com um acordo para n\u00e3o demitir, o banco reduziu seu quadro de funcion\u00e1rios\u201d, questionou Magaly Fagundes, coordenadora da COE.<\/p>\n<h3>Teletrabalho<\/h3>\n<p>A COE ir\u00e1 cobrar dos bancos os dados de trabalhadores que est\u00e3o em home-office. Em dezembro, o Comando Nacional dos Banc\u00e1rios cobrou da Federa\u00e7\u00e3o Nacional dos Bancos (Fenaban) a interrup\u00e7\u00e3o do retorno da categoria ao trabalho presencial, que estava acontecendo naquele momento. A fiscaliza\u00e7\u00e3o ficou por conta das comiss\u00f5es por banco.<\/p>\n<h3>Canal de viol\u00eancia<\/h3>\n<p>A COE Bradesco vai pedir transpar\u00eancia sobre o Canal de atendimento \u00e0s mulheres v\u00edtimas de viol\u00eancia dom\u00e9stica. Esse acordo foi incorporado na Conven\u00e7\u00e3o Coletiva de Trabalho (CCT), em setembro de 2020.<\/p>\n<p>Na CCT assinada em setembro, est\u00e1 estabelecido um programa de combate \u00e0 viol\u00eancia. Al\u00e9m da cria\u00e7\u00e3o do canal, a cl\u00e1usula trata de a\u00e7\u00f5es de car\u00e1ter preventivo para lidar com a quest\u00e3o como, por exemplo, o treinamento de gestores para lidar com a situa\u00e7\u00e3o e identificar sinais de que uma banc\u00e1ria possa estar sendo v\u00edtima de viol\u00eancia.<\/p>\n<p>\u201cQueremos saber os que o banco vem fazendo, n\u00e3o s\u00f3 na implementa\u00e7\u00e3o do canal, como tamb\u00e9m outras a\u00e7\u00f5es que est\u00e3o fazendo. Onde a gente pode construir e avan\u00e7ar ainda mais ferramentas contra a viol\u00eancia\u201d, disse Elaine Cutis, secret\u00e1ria da Mulher da Confedera\u00e7\u00e3o Nacional dos Trabalhadores do Ramo Financeiro (Contraf-CUT).<\/p>\n<p><strong>Fonte: Contraf-CUT<\/strong><\/p>\n","protected":false},"excerpt":{"rendered":"<p>A Comiss\u00e3o de Organiza\u00e7\u00e3o dos Empregados (COE) do Bradesco se re\u00fane na tarde desta quinta-feira (25) com a dire\u00e7\u00e3o do banco para debater teletrabalho, fechamento de ag\u00eancias e garantias de emprego e viol\u00eancia contra a mulher. Emprego No mesmo dia em que o Bradesco anunciou um lucro l\u00edquido recorrente de R$ 19,458 bilh\u00f5es, o presidente [&hellip;]<\/p>\n","protected":false},"author":2,"featured_media":10501,"comment_status":"","ping_status":"","sticky":false,"template":"","format":"standard","meta":{"footnotes":""},"categories":[3],"tags":[],"class_list":["post-10502","post","type-post","status-publish","format-standard","has-post-thumbnail","hentry","category-noticias"],"_links":{"self":[{"href":"https:\/\/hostnetart.com.br\/baixada\/wp-json\/wp\/v2\/posts\/10502","targetHints":{"allow":["GET"]}}],"collection":[{"href":"https:\/\/hostnetart.com.br\/baixada\/wp-json\/wp\/v2\/posts"}],"about":[{"href":"https:\/\/hostnetart.com.br\/baixada\/wp-json\/wp\/v2\/types\/post"}],"author":[{"embeddable":true,"href":"https:\/\/hostnetart.com.br\/baixada\/wp-json\/wp\/v2\/users\/2"}],"replies":[{"embeddable":true,"href":"https:\/\/hostnetart.com.br\/baixada\/wp-json\/wp\/v2\/comments?post=10502"}],"version-history":[{"count":0,"href":"https:\/\/hostnetart.com.br\/baixada\/wp-json\/wp\/v2\/posts\/10502\/revisions"}],"wp:featuredmedia":[{"embeddable":true,"href":"https:\/\/hostnetart.com.br\/baixada\/wp-json\/wp\/v2\/media\/10501"}],"wp:attachment":[{"href":"https:\/\/hostnetart.com.br\/baixada\/wp-json\/wp\/v2\/media?parent=10502"}],"wp:term":[{"taxonomy":"category","embeddable":true,"href":"https:\/\/hostnetart.com.br\/baixada\/wp-json\/wp\/v2\/categories?post=10502"},{"taxonomy":"post_tag","embeddable":true,"href":"https:\/\/hostnetart.com.br\/baixada\/wp-json\/wp\/v2\/tags?post=10502"}],"curies":[{"name":"wp","href":"https:\/\/api.w.org\/{rel}","templated":true}]}}