{"id":10500,"date":"2021-02-25T03:04:11","date_gmt":"2021-02-25T06:04:11","guid":{"rendered":"https:\/\/hostnetart.com.br\/baixada\/tuitaco-mostrara-importancia-e-denunciara-ataques-ao-banco-do-brasil\/"},"modified":"2021-02-25T03:04:11","modified_gmt":"2021-02-25T06:04:11","slug":"tuitaco-mostrara-importancia-e-denunciara-ataques-ao-banco-do-brasil","status":"publish","type":"post","link":"https:\/\/hostnetart.com.br\/baixada\/tuitaco-mostrara-importancia-e-denunciara-ataques-ao-banco-do-brasil\/","title":{"rendered":"Tuita\u00e7o mostrar\u00e1 import\u00e2ncia e denunciar\u00e1 ataques ao Banco do Brasil"},"content":{"rendered":"<p>Banc\u00e1rios v\u00eam realizando, por todo o pa\u00eds, mobiliza\u00e7\u00f5es contra as medidas de reestrutura\u00e7\u00f5es propostas pela dire\u00e7\u00e3o do banco e pelo governo Bolsonaro. Como fruto do debate com membros da Comiss\u00e3o de Empresa dos Funcion\u00e1rios do Banco do Brasil (CEBB), o Comando Nacional dos Banc\u00e1rios decidiu, na segunda-feira (22), manter as a\u00e7\u00f5es.<\/p>\n<p>\u201cDefinimos um calend\u00e1rio de atividades e mobiliza\u00e7\u00f5es, al\u00e9m da elabora\u00e7\u00e3o de materiais e estudos que visam o maior engajamento dos funcion\u00e1rios do banco e da sociedade na luta pela defesa dos direitos dos banc\u00e1rios e do Banco do Brasil como institui\u00e7\u00e3o p\u00fablica a servi\u00e7o do desenvolvimento nacional\u201d, explicou o coordenador da CEBB, Jo\u00e3o Fukunaga.<\/p>\n<p>O calend\u00e1rio, com atividades di\u00e1rias e semanais, foi encaminhado para todas as entidades sindicais da categoria. Para esta quinta-feira (25), \u00e0s 11h, foi definida a realiza\u00e7\u00e3o de um grande \u201ctuita\u00e7o\u201d, que seja capaz de estourar a bolha social das entidades de trabalhadores e mostre para a sociedade a import\u00e2ncia do BB e os ataques que o banco vem sofrendo. Para isso, convocam a categoria a se manifestar nas redes sociais com a #BBoBancoDeTodos.<\/p>\n<h3>Privatiza\u00e7\u00e3o iminente<\/h3>\n<p>O foco, al\u00e9m dos debates j\u00e1 realizados pelas entidades e pela CEBB se volta, tamb\u00e9m, \u00e0 atua\u00e7\u00e3o dos parlamentares, particularmente os deputados federais, em decorr\u00eancia da\u00a0<a href=\"https:\/\/contrafcut.com.br\/noticias\/deputado-quer-incluir-bb-no-pacote-de-privatizacoes-do-governo\/?swcfpc=1\" target=\"_blank\" rel=\"noopener noreferrer\">apresenta\u00e7\u00e3o do Projeto de Lei 461\/21<\/a>, de autoria do deputado federal Kim Kataguiri (DEM\/SP), que abre a possibilidade de privatiza\u00e7\u00e3o do Banco do Brasil, com sua inclus\u00e3o no Programa Nacional de Desestatiza\u00e7\u00e3o.<\/p>\n<p>\u201c\u00c9 preciso que n\u00e3o apenas os funcion\u00e1rios do BB, mas toda a categoria, seus familiares e amigos participem das atividades em defesa do Banco do Brasil. Uma institui\u00e7\u00e3o de fundamental import\u00e2ncia para a toda a sociedade brasileira\u201d, disse a secret\u00e1ria de Juventude e representante da Confedera\u00e7\u00e3o Nacional dos Trabalhadores do Ramo Financeiro (Contraf-CUT) na CEBB, Fernanda Lopes. \u201cContamos com a participa\u00e7\u00e3o de todo mundo no tuita\u00e7o desta quinta, assim como nas demais atividades que ser\u00e3o realizadas\u201d, concluiu.<\/p>\n<p><strong>Fonte: Contraf-CUT<\/strong><\/p>\n","protected":false},"excerpt":{"rendered":"<p>Banc\u00e1rios v\u00eam realizando, por todo o pa\u00eds, mobiliza\u00e7\u00f5es contra as medidas de reestrutura\u00e7\u00f5es propostas pela dire\u00e7\u00e3o do banco e pelo governo Bolsonaro. Como fruto do debate com membros da Comiss\u00e3o de Empresa dos Funcion\u00e1rios do Banco do Brasil (CEBB), o Comando Nacional dos Banc\u00e1rios decidiu, na segunda-feira (22), manter as a\u00e7\u00f5es. \u201cDefinimos um calend\u00e1rio de [&hellip;]<\/p>\n","protected":false},"author":2,"featured_media":10499,"comment_status":"","ping_status":"","sticky":false,"template":"","format":"standard","meta":{"footnotes":""},"categories":[3],"tags":[],"class_list":["post-10500","post","type-post","status-publish","format-standard","has-post-thumbnail","hentry","category-noticias"],"_links":{"self":[{"href":"https:\/\/hostnetart.com.br\/baixada\/wp-json\/wp\/v2\/posts\/10500","targetHints":{"allow":["GET"]}}],"collection":[{"href":"https:\/\/hostnetart.com.br\/baixada\/wp-json\/wp\/v2\/posts"}],"about":[{"href":"https:\/\/hostnetart.com.br\/baixada\/wp-json\/wp\/v2\/types\/post"}],"author":[{"embeddable":true,"href":"https:\/\/hostnetart.com.br\/baixada\/wp-json\/wp\/v2\/users\/2"}],"replies":[{"embeddable":true,"href":"https:\/\/hostnetart.com.br\/baixada\/wp-json\/wp\/v2\/comments?post=10500"}],"version-history":[{"count":0,"href":"https:\/\/hostnetart.com.br\/baixada\/wp-json\/wp\/v2\/posts\/10500\/revisions"}],"wp:featuredmedia":[{"embeddable":true,"href":"https:\/\/hostnetart.com.br\/baixada\/wp-json\/wp\/v2\/media\/10499"}],"wp:attachment":[{"href":"https:\/\/hostnetart.com.br\/baixada\/wp-json\/wp\/v2\/media?parent=10500"}],"wp:term":[{"taxonomy":"category","embeddable":true,"href":"https:\/\/hostnetart.com.br\/baixada\/wp-json\/wp\/v2\/categories?post=10500"},{"taxonomy":"post_tag","embeddable":true,"href":"https:\/\/hostnetart.com.br\/baixada\/wp-json\/wp\/v2\/tags?post=10500"}],"curies":[{"name":"wp","href":"https:\/\/api.w.org\/{rel}","templated":true}]}}