{"id":10496,"date":"2021-02-24T21:42:08","date_gmt":"2021-02-25T00:42:08","guid":{"rendered":"https:\/\/hostnetart.com.br\/baixada\/nova-pesquisa-revela-que-brasileiros-continuam-contrarios-a-privatizacao-da-caixa\/"},"modified":"2021-02-24T21:42:08","modified_gmt":"2021-02-25T00:42:08","slug":"nova-pesquisa-revela-que-brasileiros-continuam-contrarios-a-privatizacao-da-caixa","status":"publish","type":"post","link":"https:\/\/hostnetart.com.br\/baixada\/nova-pesquisa-revela-que-brasileiros-continuam-contrarios-a-privatizacao-da-caixa\/","title":{"rendered":"Nova pesquisa revela que brasileiros continuam contr\u00e1rios \u00e0 privatiza\u00e7\u00e3o da Caixa"},"content":{"rendered":"<p>A maioria da popula\u00e7\u00e3o brasileira segue com posi\u00e7\u00e3o contr\u00e1ria \u00e0 privatiza\u00e7\u00e3o da Caixa Econ\u00f4mica Federal e de outras empresas p\u00fablicas do pa\u00eds. Chega a 59,8% o \u00edndice de cidad\u00e3os no Brasil que s\u00e3o contra a entrega ou venda do patrim\u00f4nio p\u00fablico para a iniciativa privada. Enquanto 28,6% dos entrevistados disseram ser a favor de estatais privatizadas, 11,6% n\u00e3o souberam opinar ou n\u00e3o responderam. Os dados s\u00e3o de pesquisa da MDA, instituto de opini\u00e3o p\u00fablica contratado pela Confedera\u00e7\u00e3o Nacional dos Transportes (CNT). O resultado do estudo foi divulgado nesta segunda-feira (22).<\/p>\n<p>Com percentual de 30,1%, e na condi\u00e7\u00e3o de banco 100% p\u00fablico, a Caixa lidera ainda a lista de empresas p\u00fablicas que a sociedade menos quer ver privatizada. A pesquisa CNT\/MDA foi realizada com 2.002 pessoas, em 137 cidades de 25 estados brasileiros, entre os dias 18 e 20 de fevereiro.<\/p>\n<p>Os entrevistados foram ouvidos tamb\u00e9m sobre as privatiza\u00e7\u00f5es de estatais como o Banco do Brasil, a Petrobras, a Eletrobras, a Empresa de Correios e Tel\u00e9grafos (ECT) e a Casa da Moeda, com posi\u00e7\u00e3o de resist\u00eancia a qualquer proposta de privatiza\u00e7\u00e3o. A exce\u00e7\u00e3o ficou com os Correios, cuja venda para a iniciativa privada teve o apoio de 64,2%, ante n\u00famero contr\u00e1rio de 8,7%. Em rela\u00e7\u00e3o \u00e0 Petrobras, entre os contr\u00e1rios e os favor\u00e1veis ao processo de privatiza\u00e7\u00e3o da estatal, o registro \u00e9 de empate t\u00e9cnico: 50% para um lado e o restante para o outro.<\/p>\n<p>De um modo geral, por\u00e9m, o resultado do estudo aponta para a situa\u00e7\u00e3o de que, quanto mais as pessoas t\u00eam a empresa p\u00fablica como parte do dia a dia, menos elas querem privatizar<\/p>\n<h3>Brasil: de mal a pior<\/h3>\n<p>O levantamento CNT\/MDA revela, por fim, que os brasileiros est\u00e3o pessimistas em rela\u00e7\u00e3o \u00e0 situa\u00e7\u00e3o do pa\u00eds. Para entre 68% e 76% dos entrevistados, as condi\u00e7\u00f5es de emprego, da renda, da sa\u00fade, da educa\u00e7\u00e3o e da seguran\u00e7a pioram a cada dia. Essas posi\u00e7\u00f5es est\u00e3o apoiadas na ideia de que o pacote de privatiza\u00e7\u00f5es do governo Bolsonaro n\u00e3o se apresenta como um bom neg\u00f3cio e tampouco traz benef\u00edcios para o pa\u00eds e para a popula\u00e7\u00e3o, privilegiando apenas as elites econ\u00f4micas e pol\u00edticas.<\/p>\n<p><strong>Fonte: Fenae<\/strong><\/p>\n","protected":false},"excerpt":{"rendered":"<p>A maioria da popula\u00e7\u00e3o brasileira segue com posi\u00e7\u00e3o contr\u00e1ria \u00e0 privatiza\u00e7\u00e3o da Caixa Econ\u00f4mica Federal e de outras empresas p\u00fablicas do pa\u00eds. Chega a 59,8% o \u00edndice de cidad\u00e3os no Brasil que s\u00e3o contra a entrega ou venda do patrim\u00f4nio p\u00fablico para a iniciativa privada. Enquanto 28,6% dos entrevistados disseram ser a favor de estatais [&hellip;]<\/p>\n","protected":false},"author":2,"featured_media":10495,"comment_status":"","ping_status":"","sticky":false,"template":"","format":"standard","meta":{"footnotes":""},"categories":[3],"tags":[],"class_list":["post-10496","post","type-post","status-publish","format-standard","has-post-thumbnail","hentry","category-noticias"],"_links":{"self":[{"href":"https:\/\/hostnetart.com.br\/baixada\/wp-json\/wp\/v2\/posts\/10496","targetHints":{"allow":["GET"]}}],"collection":[{"href":"https:\/\/hostnetart.com.br\/baixada\/wp-json\/wp\/v2\/posts"}],"about":[{"href":"https:\/\/hostnetart.com.br\/baixada\/wp-json\/wp\/v2\/types\/post"}],"author":[{"embeddable":true,"href":"https:\/\/hostnetart.com.br\/baixada\/wp-json\/wp\/v2\/users\/2"}],"replies":[{"embeddable":true,"href":"https:\/\/hostnetart.com.br\/baixada\/wp-json\/wp\/v2\/comments?post=10496"}],"version-history":[{"count":0,"href":"https:\/\/hostnetart.com.br\/baixada\/wp-json\/wp\/v2\/posts\/10496\/revisions"}],"wp:featuredmedia":[{"embeddable":true,"href":"https:\/\/hostnetart.com.br\/baixada\/wp-json\/wp\/v2\/media\/10495"}],"wp:attachment":[{"href":"https:\/\/hostnetart.com.br\/baixada\/wp-json\/wp\/v2\/media?parent=10496"}],"wp:term":[{"taxonomy":"category","embeddable":true,"href":"https:\/\/hostnetart.com.br\/baixada\/wp-json\/wp\/v2\/categories?post=10496"},{"taxonomy":"post_tag","embeddable":true,"href":"https:\/\/hostnetart.com.br\/baixada\/wp-json\/wp\/v2\/tags?post=10496"}],"curies":[{"name":"wp","href":"https:\/\/api.w.org\/{rel}","templated":true}]}}