{"id":10494,"date":"2021-02-24T03:53:41","date_gmt":"2021-02-24T06:53:41","guid":{"rendered":"https:\/\/hostnetart.com.br\/baixada\/24-de-fevereiro-dia-da-conquista-do-voto-feminino-no-brasil-2\/"},"modified":"2021-02-24T03:53:41","modified_gmt":"2021-02-24T06:53:41","slug":"24-de-fevereiro-dia-da-conquista-do-voto-feminino-no-brasil-2","status":"publish","type":"post","link":"https:\/\/hostnetart.com.br\/baixada\/24-de-fevereiro-dia-da-conquista-do-voto-feminino-no-brasil-2\/","title":{"rendered":"24 de fevereiro: Dia da Conquista do Voto Feminino no Brasil"},"content":{"rendered":"<p>Faz 89 anos que as mulheres brasileiras conquistaram o direito ao voto. Em 24 de fevereiro de 1932, com decreto do governo, o voto feminino foi assegurado. A conquista foi fruto de intensas lutas, tanto no pa\u00eds como em outras na\u00e7\u00f5es, onde as mulheres desenvolveram campanhas pelo direito ao voto. Mas cinco anos antes, a professora Celina Guimar\u00e3es Viana* conseguiu o registro para votar, ao solicitar a inclus\u00e3o de seu nome na lista de eleitores da cidade de Mossor\u00f3, no Rio Grande do Norte.<\/p>\n<p>Papel importante tamb\u00e9m teve a advogada Berta Lutz, que participou das primeiras entidades de defesa dos direitos das mulheres no Brasil. Das campanhas das sufragistas e participa\u00e7\u00e3o das trabalhadoras em grandes greves e mobiliza\u00e7\u00f5es, desde o come\u00e7o do s\u00e9culo passado, as mulheres se empenharam em lutas n\u00e3o s\u00f3 pelo direito ao voto, mas para o reconhecimento da cidadania integral, com igualdade de direitos. Uma luta que se ampliou pelas dimens\u00f5es pol\u00edtica, social, econ\u00f4mica e comportamental.<\/p>\n<p><strong>As mais prejudicadas com a crise<\/strong><\/p>\n<p>\u201cNossa luta \u00e9 permanente e ainda temos muitos desafios pela frente. Come\u00e7amos 2021 com uma crise econ\u00f4mica e sanit\u00e1ria que prejudicam as mulheres de forma mais grave. Desde o in\u00edcio da pandemia, aumentaram os registros de viol\u00eancia dom\u00e9stica. O desemprego nos atinge de forma mais aguda e agora s\u00e3o as mulheres que t\u00eam de manter milh\u00f5es de fam\u00edlias atingidas pelo fim do aux\u00edlio emergencial, que precisa voltar, mas n\u00e3o menos do que era antes de ser cancelado pelo governo\u201d, afirmou a secret\u00e1ria da Mulher da Confedera\u00e7\u00e3o Nacional dos Trabalhadores do Ramo Financeiro (Contraf-CUT), Elaine Cutis.<\/p>\n<p><strong>Plen\u00e1rias<\/strong><\/p>\n<p>O 24 de fevereiro antecede o in\u00edcio da campanha Mar\u00e7o, M\u00eas da Mulher, que a Contraf-CUT vai desenvolver em conjunto com outras entidades. As atividades come\u00e7am esta semana. A primeira delas \u00e9 uma plen\u00e1ria virtual da Central \u00danica dos Trabalhadores de S\u00e3o Paulo (CUT-SP), que vai debater a luta das mulheres e o voto feminino. Ser\u00e1 no pr\u00f3prio dia de comemora\u00e7\u00e3o da conquista, na quarta-feira (24), \u00e0s 17h, pelo Facebook e pelo Youtube da CUT-SP. Participam a deputada federal Maria do Ros\u00e1rio (PT-RS) e a vereadora Juliana Cardoso (PT-S\u00e3o Paulo), com media\u00e7\u00e3o da secret\u00e1ria da Mulher da CUT-SP, M\u00e1rcia Viana.<\/p>\n<p>A segunda plen\u00e1ria virtual ser\u00e1 na quinta-feira (25), pela p\u00e1gina da Contraf-CUT no Facebook, das 18h \u00e0s 19h30. Com media\u00e7\u00e3o de Elaine Cutis, o encontro vai definir propostas de atividades a serem feitas em mar\u00e7o. Tamb\u00e9m vai debater a mobiliza\u00e7\u00e3o das mulheres no atual contexto pol\u00edtico brasileiro e a atua\u00e7\u00e3o feminina no parlamento. Participam as dirigentes sindicais Juvandia Moreira, presidenta da Contraf-CUT; Ivone Silva, presidenta do Sindicato dos Banc\u00e1rios de S\u00e3o Paulo, Osasco e Regi\u00e3o; Suzineide Rodrigues, presidenta do Sindicato dos Banc\u00e1rios de Pernambuco; Adriana Nalesso, presidenta do Sindicato dos Banc\u00e1rios do Rio de Janeiro; Tatiana Oliveira, presidenta do Sindicato dos Banc\u00e1rios do Par\u00e1, e Magali Fagundes, presidenta do Federa\u00e7\u00e3o dos Trabalhadores do Ramo Financeiro de Minas Gerais (Fetrafi-MG).<\/p>\n<p><strong>Categoria banc\u00e1ria<\/strong><\/p>\n<p>\u201cA categoria banc\u00e1ria sempre teve um forte protagonismo na luta em defesa dos direitos das mulheres. Fomos a primeira categoria que conquistou, em negocia\u00e7\u00e3o com o setor patronal, uma cl\u00e1usula sobre igualdade de oportunidades. Temos uma mesa de negocia\u00e7\u00e3o espec\u00edfica e permanente, onde debatemos de forma cotidiana quest\u00f5es relativas ao direito das mulheres. Agora criamos um canal espec\u00edfico nos bancos para dar aux\u00edlio \u00e0s mulheres v\u00edtimas de viol\u00eancia dom\u00e9stica e para romper o c\u00edrculo da viol\u00eancia. Temos muitas coisas a discutir nessa plen\u00e1ria, para preparar nossas atividades em mar\u00e7o\u201d, afirmou a secret\u00e1ria da Mulher da Contraf-CUT.<\/p>\n<p>Mar\u00e7o ser\u00e1 o m\u00eas de lutas das mulheres na Contraf-CUT, com diversas atividades. Acompanhe as atividades pelo nosso site e nossas redes sociais e participe da mobiliza\u00e7\u00e3o das mulheres banc\u00e1rias, que s\u00e3o refer\u00eancia \u00e0 luta pelos direitos das mulheres trabalhadoras no Brasil.<\/p>\n<p><strong>Fonte: Contraf-CUT<\/strong><\/p>\n","protected":false},"excerpt":{"rendered":"<p>Faz 89 anos que as mulheres brasileiras conquistaram o direito ao voto. Em 24 de fevereiro de 1932, com decreto do governo, o voto feminino foi assegurado. A conquista foi fruto de intensas lutas, tanto no pa\u00eds como em outras na\u00e7\u00f5es, onde as mulheres desenvolveram campanhas pelo direito ao voto. Mas cinco anos antes, a [&hellip;]<\/p>\n","protected":false},"author":2,"featured_media":10493,"comment_status":"","ping_status":"","sticky":false,"template":"","format":"standard","meta":{"footnotes":""},"categories":[3],"tags":[],"class_list":["post-10494","post","type-post","status-publish","format-standard","has-post-thumbnail","hentry","category-noticias"],"_links":{"self":[{"href":"https:\/\/hostnetart.com.br\/baixada\/wp-json\/wp\/v2\/posts\/10494","targetHints":{"allow":["GET"]}}],"collection":[{"href":"https:\/\/hostnetart.com.br\/baixada\/wp-json\/wp\/v2\/posts"}],"about":[{"href":"https:\/\/hostnetart.com.br\/baixada\/wp-json\/wp\/v2\/types\/post"}],"author":[{"embeddable":true,"href":"https:\/\/hostnetart.com.br\/baixada\/wp-json\/wp\/v2\/users\/2"}],"replies":[{"embeddable":true,"href":"https:\/\/hostnetart.com.br\/baixada\/wp-json\/wp\/v2\/comments?post=10494"}],"version-history":[{"count":0,"href":"https:\/\/hostnetart.com.br\/baixada\/wp-json\/wp\/v2\/posts\/10494\/revisions"}],"wp:featuredmedia":[{"embeddable":true,"href":"https:\/\/hostnetart.com.br\/baixada\/wp-json\/wp\/v2\/media\/10493"}],"wp:attachment":[{"href":"https:\/\/hostnetart.com.br\/baixada\/wp-json\/wp\/v2\/media?parent=10494"}],"wp:term":[{"taxonomy":"category","embeddable":true,"href":"https:\/\/hostnetart.com.br\/baixada\/wp-json\/wp\/v2\/categories?post=10494"},{"taxonomy":"post_tag","embeddable":true,"href":"https:\/\/hostnetart.com.br\/baixada\/wp-json\/wp\/v2\/tags?post=10494"}],"curies":[{"name":"wp","href":"https:\/\/api.w.org\/{rel}","templated":true}]}}