{"id":1049,"date":"2015-06-30T16:00:00","date_gmt":"2015-06-30T19:00:00","guid":{"rendered":"https:\/\/hostnetart.com.br\/baixada\/bradesco-deposita-r-109-milhoes-referentes-ao-processo-da-ffc\/"},"modified":"2015-06-30T16:00:00","modified_gmt":"2015-06-30T19:00:00","slug":"bradesco-deposita-r-109-milhoes-referentes-ao-processo-da-ffc","status":"publish","type":"post","link":"https:\/\/hostnetart.com.br\/baixada\/bradesco-deposita-r-109-milhoes-referentes-ao-processo-da-ffc\/","title":{"rendered":"Bradesco deposita R$ 109 milh\u00f5es referentes ao processo da FFC"},"content":{"rendered":"<p>O Bradesco efetuou dep\u00f3sito judicial de R$ 109.879.678.46 relacionados ao processo da Funda\u00e7\u00e3o Francisco Conde (FFC). No total, 3.900 participantes do IABCN (Instituto Assistencial BCN), de todo o Pa\u00eds, t\u00eam direito ao ressarcimento. No \u00faltimo dia 17, o Tribunal de Justi\u00e7a de S\u00e3o Paulo (TJSP) julgou os embargos de declara\u00e7\u00e3o do processo e deu prazo de 20 dias para o que o banco fizesse o dep\u00f3sito. <\/p>\n<p>O advogado Eduardo Bossolan, da Crivelli Advogados Associados , que cuida da a\u00e7\u00e3o, em nome dos trabalhadores, explica que o processo est\u00e1 praticamente encerrado. <\/p>\n<p>\u201cAgora s\u00e3o 15 dias para recursos, mas como o Bradesco j\u00e1 efetuou o dep\u00f3sito judicial, n\u00e3o deve recorrer. Acreditamos, que o Minist\u00e9rio P\u00fablico tamb\u00e9m n\u00e3o contestar\u00e1 a senten\u00e7a. Ap\u00f3s este per\u00edodo, o processo retorna para sua origem, no caso o F\u00f3rum de Osasco, e os benefici\u00e1rios habilitados come\u00e7am a receber a cota, a qual cada um tem direito\u201d, explica o advogado.<\/p>\n<p>A Justi\u00e7a decidiu que n\u00e3o ser\u00e1 cobrado imposto de renda sobre o valor a ser ressarcido. Os benefici\u00e1rios da a\u00e7\u00e3o, que ainda n\u00e3o fizeram pedido de procura\u00e7\u00e3o para o resgate, podem procurar o seu sindicato ou federa\u00e7\u00e3o. <\/p>\n<p>Depois de muitos anos de luta, debates e reuni\u00f5es coordenadas pelos sindicatos, a hist\u00f3ria da Funda\u00e7\u00e3o Francisco Conde, dos banc\u00e1rios do extinto BCN, est\u00e1 chegando a um desfecho favor\u00e1vel aos trabalhadores. Os recursos do IABCN, que era administrado pela Funda\u00e7\u00e3o Francisco Conde, foram constitu\u00eddos por contribui\u00e7\u00f5es do extinto banco BCN e dos funcion\u00e1rios e estavam bloqueados desde que o Bradesco adquiriu a institui\u00e7\u00e3o financeira, em 1997. <\/p>\n<p>Fonte: Contraf-CUT<\/p>\n","protected":false},"excerpt":{"rendered":"<p>O Bradesco efetuou dep\u00f3sito judicial de R$ 109.879.678.46 relacionados ao processo da Funda\u00e7\u00e3o Francisco Conde (FFC). No total, 3.900 participantes do IABCN (Instituto Assistencial BCN), de todo o Pa\u00eds, t\u00eam direito ao ressarcimento. No \u00faltimo dia 17, o Tribunal de Justi\u00e7a de S\u00e3o Paulo (TJSP) julgou os embargos de declara\u00e7\u00e3o do processo e deu prazo [&hellip;]<\/p>\n","protected":false},"author":1,"featured_media":1048,"comment_status":"","ping_status":"","sticky":false,"template":"","format":"standard","meta":{"footnotes":""},"categories":[3],"tags":[],"class_list":["post-1049","post","type-post","status-publish","format-standard","has-post-thumbnail","hentry","category-noticias"],"_links":{"self":[{"href":"https:\/\/hostnetart.com.br\/baixada\/wp-json\/wp\/v2\/posts\/1049","targetHints":{"allow":["GET"]}}],"collection":[{"href":"https:\/\/hostnetart.com.br\/baixada\/wp-json\/wp\/v2\/posts"}],"about":[{"href":"https:\/\/hostnetart.com.br\/baixada\/wp-json\/wp\/v2\/types\/post"}],"author":[{"embeddable":true,"href":"https:\/\/hostnetart.com.br\/baixada\/wp-json\/wp\/v2\/users\/1"}],"replies":[{"embeddable":true,"href":"https:\/\/hostnetart.com.br\/baixada\/wp-json\/wp\/v2\/comments?post=1049"}],"version-history":[{"count":0,"href":"https:\/\/hostnetart.com.br\/baixada\/wp-json\/wp\/v2\/posts\/1049\/revisions"}],"wp:featuredmedia":[{"embeddable":true,"href":"https:\/\/hostnetart.com.br\/baixada\/wp-json\/wp\/v2\/media\/1048"}],"wp:attachment":[{"href":"https:\/\/hostnetart.com.br\/baixada\/wp-json\/wp\/v2\/media?parent=1049"}],"wp:term":[{"taxonomy":"category","embeddable":true,"href":"https:\/\/hostnetart.com.br\/baixada\/wp-json\/wp\/v2\/categories?post=1049"},{"taxonomy":"post_tag","embeddable":true,"href":"https:\/\/hostnetart.com.br\/baixada\/wp-json\/wp\/v2\/tags?post=1049"}],"curies":[{"name":"wp","href":"https:\/\/api.w.org\/{rel}","templated":true}]}}