{"id":10486,"date":"2021-02-23T16:56:33","date_gmt":"2021-02-23T19:56:33","guid":{"rendered":"https:\/\/hostnetart.com.br\/baixada\/contraf-cut-convoca-empregados-da-caixa-a-participarem-da-pesquisa-sobre-covid-19-no-trabalho\/"},"modified":"2021-02-23T16:56:33","modified_gmt":"2021-02-23T19:56:33","slug":"contraf-cut-convoca-empregados-da-caixa-a-participarem-da-pesquisa-sobre-covid-19-no-trabalho","status":"publish","type":"post","link":"https:\/\/hostnetart.com.br\/baixada\/contraf-cut-convoca-empregados-da-caixa-a-participarem-da-pesquisa-sobre-covid-19-no-trabalho\/","title":{"rendered":"Contraf-CUT convoca empregados da Caixa a participarem da pesquisa sobre Covid-19 no trabalho"},"content":{"rendered":"<p>A Confedera\u00e7\u00e3o Nacional dos Trabalhadores do Ramo Financeiro (Contraf-CUT) convoca os empregados da Caixa que trabalharam ou est\u00e3o trabalhando presencialmente na pandemia a responderem ao formul\u00e1rio da pesquisa \u201cProjeto Covid-19 como uma doen\u00e7a relacionada ao trabalho\u201d, elaborada por cientistas de institui\u00e7\u00f5es como a USP e a Universidade Estadual Paulista (Unesp).<\/p>\n<p>Ao responder o question\u00e1rio, essencial para auxiliar na preven\u00e7\u00e3o da doen\u00e7a e minimizar suas consequ\u00eancias cl\u00ednicas e sociais nas unidades da Caixa, a identidade do banc\u00e1rio fica mantida em total sigilo. Quem for do banco p\u00fablico, h\u00e1 a op\u00e7\u00e3o de\u00a0<a href=\"https:\/\/docs.google.com\/forms\/d\/e\/1FAIpQLSePht6Lq7XS7feDc_FXz7DkdYPaj3yWmpVgqi5E3P1B0rYJzQ\/viewform\">clicar aqui<\/a>\u00a0e participar da pesquisa.<\/p>\n<p>A iniciativa de preencher o formul\u00e1rio, sobretudo por quem se encontra na linha de frente, como \u00e9 o caso de boa parte dos empregados da Caixa, cujo trabalho mostrou-se fundamental para o fomento \u00e0s pol\u00edticas p\u00fablicas em tempos de pandemia, tem sido determinante para o planejamento de a\u00e7\u00f5es de prote\u00e7\u00e3o \u00e0 sa\u00fade do trabalhador e contra a retirada de direitos.<\/p>\n<p>Essa participa\u00e7\u00e3o visa ajudar na ado\u00e7\u00e3o de medidas mais efetivas voltadas aos trabalhadores do banco. Mais a\u00e7\u00f5es podem ser criadas a partir dos resultados obtidos pelo estudo do Comit\u00ea de \u00c9tica de Pesquisas da Unesp, cujo prop\u00f3sito \u00e9 a elabora\u00e7\u00e3o do \u201cDossi\u00ea Covid-19 no mercado de trabalho\u201d, com base no registro da hist\u00f3ria contada sob o ponto de vista do banc\u00e1rio e de trabalhadores de outras categorias profissionais. Um dos objetivos \u00e9 dar visibilidade ao trabalho presencial de todos os que trabalharam ou continuam trabalhando durante a pandemia.<\/p>\n<p>\u201cEssa \u00e9 a chance do empregado da Caixa colaborar com a elabora\u00e7\u00e3o de um dossi\u00ea sobre a Covid-19 no trabalho, tendo como refer\u00eancia informa\u00e7\u00f5es para serem utilizadas na defesa dos direitos dos trabalhadores\u201d, explicou Maria Maeno, m\u00e9dica, pesquisadora do Trabalho e doutora em Sa\u00fade P\u00fablica pela USP, em v\u00eddeo no qual convida a classe trabalhadora a participar da pesquisa.<\/p>\n<p>Segundo Maeno, que faz parte do grupo de pesquisadores, a voz dos trabalhadores precisa ser ouvida por toda a sociedade. \u201cNingu\u00e9m melhor do que eles para narrar de como trabalharam e trabalham, em quais momentos perceberam os perigos da doen\u00e7a e de como foram as provid\u00eancias tomadas pela dire\u00e7\u00e3o do banco para que fossem protegidos\u201d, argumentou. A m\u00e9dica diz que, no portal www.congressointernacionaldotrabalho.com, podem ser encontradas informa\u00e7\u00f5es sobre a pesquisa e sobre a hist\u00f3ria de vida de trabalhadores que morreram e dos que sobreviveram, al\u00e9m de not\u00edcias sobre a Covid-19 no ambiente de trabalho. Em caso de d\u00favida ou dificuldade para preencher o formul\u00e1rio, basta enviar um e-mail para\u00a0<a href=\"mailto:dossiecovid@gmail.com\">dossiecovid@gmail.com<\/a>\u00a0.<\/p>\n<p><strong>Fonte: Contraf-CUT<\/strong><\/p>\n","protected":false},"excerpt":{"rendered":"<p>A Confedera\u00e7\u00e3o Nacional dos Trabalhadores do Ramo Financeiro (Contraf-CUT) convoca os empregados da Caixa que trabalharam ou est\u00e3o trabalhando presencialmente na pandemia a responderem ao formul\u00e1rio da pesquisa \u201cProjeto Covid-19 como uma doen\u00e7a relacionada ao trabalho\u201d, elaborada por cientistas de institui\u00e7\u00f5es como a USP e a Universidade Estadual Paulista (Unesp). Ao responder o question\u00e1rio, essencial [&hellip;]<\/p>\n","protected":false},"author":2,"featured_media":10485,"comment_status":"","ping_status":"","sticky":false,"template":"","format":"standard","meta":{"footnotes":""},"categories":[3],"tags":[],"class_list":["post-10486","post","type-post","status-publish","format-standard","has-post-thumbnail","hentry","category-noticias"],"_links":{"self":[{"href":"https:\/\/hostnetart.com.br\/baixada\/wp-json\/wp\/v2\/posts\/10486","targetHints":{"allow":["GET"]}}],"collection":[{"href":"https:\/\/hostnetart.com.br\/baixada\/wp-json\/wp\/v2\/posts"}],"about":[{"href":"https:\/\/hostnetart.com.br\/baixada\/wp-json\/wp\/v2\/types\/post"}],"author":[{"embeddable":true,"href":"https:\/\/hostnetart.com.br\/baixada\/wp-json\/wp\/v2\/users\/2"}],"replies":[{"embeddable":true,"href":"https:\/\/hostnetart.com.br\/baixada\/wp-json\/wp\/v2\/comments?post=10486"}],"version-history":[{"count":0,"href":"https:\/\/hostnetart.com.br\/baixada\/wp-json\/wp\/v2\/posts\/10486\/revisions"}],"wp:featuredmedia":[{"embeddable":true,"href":"https:\/\/hostnetart.com.br\/baixada\/wp-json\/wp\/v2\/media\/10485"}],"wp:attachment":[{"href":"https:\/\/hostnetart.com.br\/baixada\/wp-json\/wp\/v2\/media?parent=10486"}],"wp:term":[{"taxonomy":"category","embeddable":true,"href":"https:\/\/hostnetart.com.br\/baixada\/wp-json\/wp\/v2\/categories?post=10486"},{"taxonomy":"post_tag","embeddable":true,"href":"https:\/\/hostnetart.com.br\/baixada\/wp-json\/wp\/v2\/tags?post=10486"}],"curies":[{"name":"wp","href":"https:\/\/api.w.org\/{rel}","templated":true}]}}