{"id":10484,"date":"2021-02-23T15:32:36","date_gmt":"2021-02-23T18:32:36","guid":{"rendered":"https:\/\/hostnetart.com.br\/baixada\/contraf-cut-cobra-da-caixa-previsao-da-publicacao-do-balanco-e-solicita-antecipacao-da-plr\/"},"modified":"2021-02-23T15:32:36","modified_gmt":"2021-02-23T18:32:36","slug":"contraf-cut-cobra-da-caixa-previsao-da-publicacao-do-balanco-e-solicita-antecipacao-da-plr","status":"publish","type":"post","link":"https:\/\/hostnetart.com.br\/baixada\/contraf-cut-cobra-da-caixa-previsao-da-publicacao-do-balanco-e-solicita-antecipacao-da-plr\/","title":{"rendered":"Contraf-CUT cobra da Caixa previs\u00e3o da publica\u00e7\u00e3o do balan\u00e7o e solicita antecipa\u00e7\u00e3o da PLR"},"content":{"rendered":"<p>A Confedera\u00e7\u00e3o Nacional dos Trabalhadores do Ramo Financeiro (Contraf-CUT) enviou dois of\u00edcios para a dire\u00e7\u00e3o do banco p\u00fablico na noite desta segunda-feira (22). No primeiro, reivindicou esclarecimentos sobre a previs\u00e3o da publica\u00e7\u00e3o do balan\u00e7o e solicitou a antecipa\u00e7\u00e3o do pagamento da segunda parcela da Participa\u00e7\u00e3o nos Lucros e Resultados (PLR), como forma de valorizar o trabalho feito pelos empregados durante o ano de 2020.<\/p>\n<p>\u201cA pandemia exigiu um esfor\u00e7o redobrado dos colegas para atender a popula\u00e7\u00e3o num momento t\u00e3o dif\u00edcil, no qual a Caixa exerceu um papel social important\u00edssimo junto aos mais necessitados\u201d, afirmou Fabiana Uehara Proscholdt, coordenadora da Comiss\u00e3o Executiva dos Empregados da Caixa (CEE\/Caixa).<\/p>\n<p>No segundo of\u00edcio, a Contraf-CUT pediu esclarecimentos sobre a reestrutura\u00e7\u00e3o da Vice Presid\u00eancia de Log\u00edstica e Opera\u00e7\u00f5es (VILOP). \u201cAs atividades de v\u00e1rias \u00e1reas est\u00e3o sendo migradas, inclusive empregados. Recebemos den\u00fancias que isso tem impactado no andamento das atividades executadas nas \u00e1reas anteriores, gerando descontinua\u00e7\u00e3o, desordem e aus\u00eancias\u201d, explicou Fabiana. \u201cAl\u00e9m disso, tamb\u00e9m tem gerado muita apreens\u00e3o entre os empregados, pois n\u00e3o existe qualquer transpar\u00eancia no processo de realoca\u00e7\u00e3o\u201d, finalizou.<\/p>\n<p><strong>Fonte: Contraf-CUT<\/strong><\/p>\n","protected":false},"excerpt":{"rendered":"<p>A Confedera\u00e7\u00e3o Nacional dos Trabalhadores do Ramo Financeiro (Contraf-CUT) enviou dois of\u00edcios para a dire\u00e7\u00e3o do banco p\u00fablico na noite desta segunda-feira (22). No primeiro, reivindicou esclarecimentos sobre a previs\u00e3o da publica\u00e7\u00e3o do balan\u00e7o e solicitou a antecipa\u00e7\u00e3o do pagamento da segunda parcela da Participa\u00e7\u00e3o nos Lucros e Resultados (PLR), como forma de valorizar o [&hellip;]<\/p>\n","protected":false},"author":2,"featured_media":10483,"comment_status":"","ping_status":"","sticky":false,"template":"","format":"standard","meta":{"footnotes":""},"categories":[3],"tags":[],"class_list":["post-10484","post","type-post","status-publish","format-standard","has-post-thumbnail","hentry","category-noticias"],"_links":{"self":[{"href":"https:\/\/hostnetart.com.br\/baixada\/wp-json\/wp\/v2\/posts\/10484","targetHints":{"allow":["GET"]}}],"collection":[{"href":"https:\/\/hostnetart.com.br\/baixada\/wp-json\/wp\/v2\/posts"}],"about":[{"href":"https:\/\/hostnetart.com.br\/baixada\/wp-json\/wp\/v2\/types\/post"}],"author":[{"embeddable":true,"href":"https:\/\/hostnetart.com.br\/baixada\/wp-json\/wp\/v2\/users\/2"}],"replies":[{"embeddable":true,"href":"https:\/\/hostnetart.com.br\/baixada\/wp-json\/wp\/v2\/comments?post=10484"}],"version-history":[{"count":0,"href":"https:\/\/hostnetart.com.br\/baixada\/wp-json\/wp\/v2\/posts\/10484\/revisions"}],"wp:featuredmedia":[{"embeddable":true,"href":"https:\/\/hostnetart.com.br\/baixada\/wp-json\/wp\/v2\/media\/10483"}],"wp:attachment":[{"href":"https:\/\/hostnetart.com.br\/baixada\/wp-json\/wp\/v2\/media?parent=10484"}],"wp:term":[{"taxonomy":"category","embeddable":true,"href":"https:\/\/hostnetart.com.br\/baixada\/wp-json\/wp\/v2\/categories?post=10484"},{"taxonomy":"post_tag","embeddable":true,"href":"https:\/\/hostnetart.com.br\/baixada\/wp-json\/wp\/v2\/tags?post=10484"}],"curies":[{"name":"wp","href":"https:\/\/api.w.org\/{rel}","templated":true}]}}