{"id":10480,"date":"2021-02-23T03:35:15","date_gmt":"2021-02-23T06:35:15","guid":{"rendered":"https:\/\/hostnetart.com.br\/baixada\/brasil-caminha-para-250-mil-mortos-por-covid-19-impasses-sobre-vacinas-persistem\/"},"modified":"2021-02-23T03:35:15","modified_gmt":"2021-02-23T06:35:15","slug":"brasil-caminha-para-250-mil-mortos-por-covid-19-impasses-sobre-vacinas-persistem","status":"publish","type":"post","link":"https:\/\/hostnetart.com.br\/baixada\/brasil-caminha-para-250-mil-mortos-por-covid-19-impasses-sobre-vacinas-persistem\/","title":{"rendered":"Brasil caminha para 250 mil mortos por covid-19. Impasses sobre vacinas persistem"},"content":{"rendered":"<p>O Brasil registrou 639 mortes por\u00a0<a href=\"https:\/\/www.redebrasilatual.com.br\/tag\/coronavirus\/\" target=\"_blank\" rel=\"noopener noreferrer\">covid-19<\/a>\u00a0nas \u00faltimas 24 horas. Com o acr\u00e9scimo, s\u00e3o 247.143 v\u00edtimas do coronav\u00edrus no pa\u00eds desde o in\u00edcio do surto, em mar\u00e7o. Os registros \u00e0s segundas-feiras tendem a ser defasados em fun\u00e7\u00e3o do n\u00famero reduzido de profissionais que atuam aos domingos. O erro tende a ser corrigido ao longo da semana.<\/p>\n<p class=\"has-background has-very-light-gray-background-color\">\u2022\u00a0<strong><a href=\"https:\/\/www.redebrasilatual.com.br\/saude-e-ciencia\/2021\/02\/combate-coronavirus-semana-crucial-avisa-ex-ministro-da-saude\/\" target=\"_blank\" rel=\"noopener noreferrer\">Combate ao coronav\u00edrus: ou se reage j\u00e1, ou mar\u00e7o ser\u00e1 aterrorizador, diz ex-ministro<\/a><\/strong><\/p>\n<p>Tamb\u00e9m foram contabilizados 26.986 novos casos da doen\u00e7a, em um total de 10.195.160. Ontem (21), o Brasil ultrapassou um m\u00eas com m\u00e9dia de mortes acima de mil (desde o dia 21 de janeiro). As curvas epidemiol\u00f3gicas de casos e mortes seguem em patamares elevados, similares aos registrados durante a primeira onda de maior impacto, entre junho e setembro. Os n\u00fameros s\u00e3o consolidados diariamente pelo Conselho Nacional dos Secret\u00e1rios de Sa\u00fade (<a href=\"https:\/\/www.conass.org.br\/painelconasscovid19\/\" target=\"_blank\" rel=\"noopener noreferrer\">Conass<\/a>).<\/p>\n<div id=\"redeb-1666725335\" class=\"redeb-content-placement-after-3rd-paragraph\">\u00a0<\/div>\n<div class=\"wp-block-image\">\n<figure class=\"aligncenter size-large\"><img decoding=\"async\" class=\"wp-image-473089 lazy loaded\" src=\"https:\/\/www.redebrasilatual.com.br\/wp-content\/uploads\/2021\/02\/covid22.jpg\" sizes=\"(max-width: 540px) 100vw, 540px\" srcset=\"https:\/\/www.redebrasilatual.com.br\/wp-content\/uploads\/2021\/02\/covid22.jpg 540w, https:\/\/www.redebrasilatual.com.br\/wp-content\/uploads\/2021\/02\/covid22-360x117.jpg 360w\" alt=\"\" data-src=\"https:\/\/www.redebrasilatual.com.br\/wp-content\/uploads\/2021\/02\/covid22.jpg\" data-srcset=\"https:\/\/www.redebrasilatual.com.br\/wp-content\/uploads\/2021\/02\/covid22.jpg 540w, https:\/\/www.redebrasilatual.com.br\/wp-content\/uploads\/2021\/02\/covid22-360x117.jpg 360w\" data-sizes=\"(max-width: 540px) 100vw, 540px\" data-was-processed=\"true\" \/><figcaption>N\u00fameros da covid-19 no Brasil. Fonte: Conass<\/figcaption><\/figure>\n<\/div>\n<p><a href=\"https:\/\/www.redebrasilatual.com.br\/saude-e-ciencia\/2021\/02\/na-contramao-da-europa-e-estados-unidos-covid-19-cresce-no-brasil-e-deve-piorar\/\" target=\"_blank\" rel=\"noopener noreferrer\">O pa\u00eds segue com o surto fora de controle, na contram\u00e3o do restante do mundo<\/a>. A Inglaterra, por exemplo, ap\u00f3s semanas de isolamento social rigoroso e ampla campanha de vacina\u00e7\u00e3o, reduziu em 81% o n\u00famero de casos em 49 dias. J\u00e1 no Brasil,\u00a0<a href=\"https:\/\/www.redebrasilatual.com.br\/saude-e-ciencia\/2021\/02\/sao-paulo-recorde-pacientes-uti-covid\/\" target=\"_blank\" rel=\"noopener noreferrer\">S\u00e3o Paulo tem maior n\u00famero de internados em UTI desde o in\u00edcio da pandemia<\/a>; cidades do interior passam a adotar medidas r\u00edgidas, como Araraquara e Campinas. Na regi\u00e3o Sul,\u00a0<a href=\"https:\/\/www.nsctotal.com.br\/colunistas\/evandro-de-assis\/surtos-de-covid-19-atingem-escolas-e-creches-de-blumenau\" target=\"_blank\" rel=\"noopener noreferrer\">Santa Catarina<\/a>\u00a0tem ocupa\u00e7\u00e3o de leitos acima de 90% e surtos de\u00a0<a href=\"https:\/\/www.redebrasilatual.com.br\/educacao\/2021\/02\/morte-professora-covid-volta-as-aulas\/\" target=\"_blank\" rel=\"noopener noreferrer\">covid-19 em escolas e creches<\/a>.<\/p>\n<div class=\"wp-block-image\">\n<figure class=\"aligncenter size-large\"><img decoding=\"async\" class=\"wp-image-473090 lazy loaded\" src=\"https:\/\/www.redebrasilatual.com.br\/wp-content\/uploads\/2021\/02\/covid22-1.jpg\" sizes=\"(max-width: 965px) 100vw, 965px\" srcset=\"https:\/\/www.redebrasilatual.com.br\/wp-content\/uploads\/2021\/02\/covid22-1.jpg 965w, https:\/\/www.redebrasilatual.com.br\/wp-content\/uploads\/2021\/02\/covid22-1-360x118.jpg 360w, https:\/\/www.redebrasilatual.com.br\/wp-content\/uploads\/2021\/02\/covid22-1-768x251.jpg 768w\" alt=\"\" data-src=\"https:\/\/www.redebrasilatual.com.br\/wp-content\/uploads\/2021\/02\/covid22-1.jpg\" data-srcset=\"https:\/\/www.redebrasilatual.com.br\/wp-content\/uploads\/2021\/02\/covid22-1.jpg 965w, https:\/\/www.redebrasilatual.com.br\/wp-content\/uploads\/2021\/02\/covid22-1-360x118.jpg 360w, https:\/\/www.redebrasilatual.com.br\/wp-content\/uploads\/2021\/02\/covid22-1-768x251.jpg 768w\" data-sizes=\"(max-width: 965px) 100vw, 965px\" data-was-processed=\"true\" \/><figcaption>Curvas epidemiol\u00f3gicas de novos casos e mortes no Brasil. Fonte: Conass<\/figcaption><\/figure>\n<\/div>\n<h2>Vacina\u00e7\u00e3o<\/h2>\n<p>Somente 3,27% da popula\u00e7\u00e3o foi vacinada no Brasil, ou 7 milh\u00f5es de doses aplicadas. O ritmo \u00e9 lento e aqu\u00e9m do potencial do Sistema \u00danico de Sa\u00fade para imuniza\u00e7\u00e3o. Entretanto, faltam doses. A\u00a0<a href=\"https:\/\/www.redebrasilatual.com.br\/saude-e-ciencia\/2021\/02\/vacinacao-brasil-trava-falta-acoes-governo\/\" target=\"_blank\" rel=\"noopener noreferrer\">lentid\u00e3o do governo federal para a aquisi\u00e7\u00e3o de vacinas agora reflete em um processo conturbado e fr\u00e1gil<\/a>\u00a0no caminho para alcan\u00e7ar a desejada imunidade coletiva. O que h\u00e1 de concreto \u00e9 a expectativa para esta semana da chegada de 2 milh\u00f5es de doses da vacina da AstraZeneca, que vem da \u00cdndia. E tamb\u00e9m a entrega de 3,5 milh\u00f5es de doses da CoronaVac, em processo de finaliza\u00e7\u00e3o no Instituto Butantan.<\/p>\n<p>J\u00e1 o cronograma de aquisi\u00e7\u00e3o de vacinas apresentado na \u00faltima semana pelo Minist\u00e9rio da Sa\u00fade conta com expectativas dif\u00edceis de serem alcan\u00e7adas. Est\u00e3o no programa imunizantes que sequer tiveram o pedido de uso emergencial recepcionados pela Ag\u00eancia Nacional de Vigil\u00e2ncia Sanit\u00e1ria (Anvisa). \u00c9 o caso da Covaxin, vacina indiana do laborat\u00f3rio Bharat Biontech.<\/p>\n<h2>Negocia\u00e7\u00f5es<\/h2>\n<p>Diante do imbr\u00f3glio do governo federal, outras institui\u00e7\u00f5es de poder articulam da forma como podem mais vacinas. Governadores tentam comprar diretamente de fornecedores, como \u00e9 o caso da Bahia que tenta negociar 50 milh\u00f5es de doses da vacina russa Sputnik V.<\/p>\n<p>O Congresso Nacional entra tamb\u00e9m agora no processo. O presidente do Senado, Rodrigo Pacheco (DEM-MG), concedeu uma entrevista coletiva no in\u00edcio da tarde ap\u00f3s reuni\u00e3o entre senadores e representantes de farmac\u00eauticas. As empresas em quest\u00e3o s\u00e3o a Jansen e a Pfizer, ambas com vacinas em uso em boa parte do mundo. Entretanto, existe um problema na autoriza\u00e7\u00e3o desses f\u00e1rmacos.<\/p>\n<p>O Estado brasileiro se recusa a aceitar contratos que se eximem da responsabilidade da empresa em eventuais efeitos colaterais. A Pfizer argumenta que mais de 60 pa\u00edses aceitaram o contrato padr\u00e3o da mesma forma como foi apresentado no Brasil. E que reduziu o valor dos f\u00e1rmacos em raz\u00e3o da emerg\u00eancia e tamb\u00e9m da quest\u00e3o da responsabilidade.<\/p>\n<p>Pacheco disse que \u201ca composi\u00e7\u00e3o do pre\u00e7o das vacinas compreende um lucro abaixo do normal relacionado com a impossibilidade das empresas lidarem com riscos futuros. Este vem sendo um dos impeditivos\u201d. E que vai \u201ctransmitir para o ministro (Eduardo) Pazuello os problemas da ind\u00fastria e identificar o que precisa ser feito para superar os obst\u00e1culos\u201d, disse o senador.<\/p>\n<p>\u201cUma das possibilidades \u00e9 um ajuste normativo, uma lei, ou no \u00e2mbito de medida Provis\u00f3ria, ou projeto de lei original que permita a Uni\u00e3o que fique com os riscos, constitua garantias e contrate seguros com essa finalidade.<br \/>Vamos identificar uma forma adequada que possa permitir que o Brasil tenha as vacinas da Pfizer e da Jansen o mais r\u00e1pido o poss\u00edvel\u201d, completou.<\/p>\n<div id=\"redeb-482454509\" class=\"redeb-depois-do-conteudo_2\">\u00a0<\/div>\n<div class=\"redeb-depois-do-conteudo_2\"><strong>Fonte: Rede Brasil Atual<\/strong><\/div>\n","protected":false},"excerpt":{"rendered":"<p>O Brasil registrou 639 mortes por\u00a0covid-19\u00a0nas \u00faltimas 24 horas. Com o acr\u00e9scimo, s\u00e3o 247.143 v\u00edtimas do coronav\u00edrus no pa\u00eds desde o in\u00edcio do surto, em mar\u00e7o. Os registros \u00e0s segundas-feiras tendem a ser defasados em fun\u00e7\u00e3o do n\u00famero reduzido de profissionais que atuam aos domingos. O erro tende a ser corrigido ao longo da semana. [&hellip;]<\/p>\n","protected":false},"author":2,"featured_media":10479,"comment_status":"","ping_status":"","sticky":false,"template":"","format":"standard","meta":{"footnotes":""},"categories":[3],"tags":[],"class_list":["post-10480","post","type-post","status-publish","format-standard","has-post-thumbnail","hentry","category-noticias"],"_links":{"self":[{"href":"https:\/\/hostnetart.com.br\/baixada\/wp-json\/wp\/v2\/posts\/10480","targetHints":{"allow":["GET"]}}],"collection":[{"href":"https:\/\/hostnetart.com.br\/baixada\/wp-json\/wp\/v2\/posts"}],"about":[{"href":"https:\/\/hostnetart.com.br\/baixada\/wp-json\/wp\/v2\/types\/post"}],"author":[{"embeddable":true,"href":"https:\/\/hostnetart.com.br\/baixada\/wp-json\/wp\/v2\/users\/2"}],"replies":[{"embeddable":true,"href":"https:\/\/hostnetart.com.br\/baixada\/wp-json\/wp\/v2\/comments?post=10480"}],"version-history":[{"count":0,"href":"https:\/\/hostnetart.com.br\/baixada\/wp-json\/wp\/v2\/posts\/10480\/revisions"}],"wp:featuredmedia":[{"embeddable":true,"href":"https:\/\/hostnetart.com.br\/baixada\/wp-json\/wp\/v2\/media\/10479"}],"wp:attachment":[{"href":"https:\/\/hostnetart.com.br\/baixada\/wp-json\/wp\/v2\/media?parent=10480"}],"wp:term":[{"taxonomy":"category","embeddable":true,"href":"https:\/\/hostnetart.com.br\/baixada\/wp-json\/wp\/v2\/categories?post=10480"},{"taxonomy":"post_tag","embeddable":true,"href":"https:\/\/hostnetart.com.br\/baixada\/wp-json\/wp\/v2\/tags?post=10480"}],"curies":[{"name":"wp","href":"https:\/\/api.w.org\/{rel}","templated":true}]}}