{"id":10474,"date":"2021-02-22T15:51:39","date_gmt":"2021-02-22T18:51:39","guid":{"rendered":"https:\/\/hostnetart.com.br\/baixada\/taxar-os-super-ricos-e-a-solucao-para-custear-a-previdencia-o-sus-e-reativar-a-economia\/"},"modified":"2021-02-22T15:51:39","modified_gmt":"2021-02-22T18:51:39","slug":"taxar-os-super-ricos-e-a-solucao-para-custear-a-previdencia-o-sus-e-reativar-a-economia","status":"publish","type":"post","link":"https:\/\/hostnetart.com.br\/baixada\/taxar-os-super-ricos-e-a-solucao-para-custear-a-previdencia-o-sus-e-reativar-a-economia\/","title":{"rendered":"Taxar os super ricos \u00e9 a solu\u00e7\u00e3o para custear a previd\u00eancia, o SUS e reativar a economia"},"content":{"rendered":"<p>O governo conservador, economistas neoliberais, financistas, a elite econ\u00f4mica, milion\u00e1rios e a m\u00eddia corporativa fazem um carnaval fora de \u00e9poca com o pretenso d\u00e9ficit da previd\u00eancia. Com sangue nos olhos, defendem reformas da previd\u00eancia para cortar benef\u00edcios, dificultar aposentadorias, privatizar a previd\u00eancia e condenar idosos \u00e0 mis\u00e9ria. Para eles, a culpa pelo desequil\u00edbrio das contas \u00e9 dos velhinhos, que teimam em aposentar, sobreviver um pouco mais e deixar pens\u00e3o para seus dependentes.<\/p>\n<p>A seguridade social engloba previd\u00eancia social (INSS), assist\u00eancia social e assist\u00eancia \u00e0 sa\u00fade (SUS). De acordo com a Constitui\u00e7\u00e3o Federal, estas despesas devem ser custeadas pela arrecada\u00e7\u00e3o previdenci\u00e1ria, Contribui\u00e7\u00e3o para o Financiamento da Seguridade Social (Cofins) e Contribui\u00e7\u00e3o Social sobre o Lucro L\u00edquido (CSLL). Na tabela abaixo, comparei as receitas destas tr\u00eas fontes e as despesas com benef\u00edcios previdenci\u00e1rios e assistenciais, e os gastos do Governo Federal com o SUS em 2020 e 2014. Em n\u00fameros de dezembro de 2020, as receitas ca\u00edram quase 30% de 2014 para 2020, enquanto as despesas subiram somente 4%.<\/p>\n<div id=\"redeb-1877190063\" class=\"redeb-conteudo\">\u00a0<\/div>\n<p>O problema, portanto, n\u00e3o foi o aumento excessivo das despesas, mas a redu\u00e7\u00e3o descomunal das receitas. Neste per\u00edodo, o n\u00famero de benef\u00edcios da previd\u00eancia aumentou 12%, de 32,1 milh\u00f5es para 36,1 milh\u00f5es. Mesmo com 2020 sob pandemia, os gastos com o SUS aumentaram pouco mais de 6% no per\u00edodo. At\u00e9 2014 a economia brasileira crescia continuamente. Naquele ano tivemos a menor taxa de\u00a0<a href=\"https:\/\/www.redebrasilatual.com.br\/politica\/2020\/12\/fim-do-auxilio-emergencial-milhoes-sem-renda-pandemia-desemprego\/\" target=\"_blank\" rel=\"noopener noreferrer\">desemprego<\/a>\u00a0da Hist\u00f3ria recente do Brasil. A arrecada\u00e7\u00e3o de tributos federais acompanhava esta trajet\u00f3ria. A partir de 2016 a economia mergulhou em recess\u00e3o, o desemprego bate um recorde atr\u00e1s do outro, milh\u00f5es de pessoas desistem de procurar emprego simplesmente porque n\u00e3o encontram, explodiu o n\u00famero de pessoas fazendo bico, trabalhando sem carteira assinada ou atendendo por aplicativos sem rela\u00e7\u00e3o formal de trabalho. O que significa que milh\u00f5es de pessoas deixaram de contribuir para a previd\u00eancia social.<\/p>\n<div id=\"redeb-1460166144\" class=\"redeb-content-placement-after-3rd-paragraph\">\u00a0<\/div>\n<figure class=\"wp-block-image size-large\"><img decoding=\"async\" class=\"wp-image-472207 lazy loaded\" src=\"https:\/\/www.redebrasilatual.com.br\/wp-content\/uploads\/2021\/02\/image-2-1024x445.png\" sizes=\"(max-width: 1024px) 100vw, 1024px\" srcset=\"https:\/\/www.redebrasilatual.com.br\/wp-content\/uploads\/2021\/02\/image-2-1024x445.png 1024w, https:\/\/www.redebrasilatual.com.br\/wp-content\/uploads\/2021\/02\/image-2-360x156.png 360w, https:\/\/www.redebrasilatual.com.br\/wp-content\/uploads\/2021\/02\/image-2-768x333.png 768w, https:\/\/www.redebrasilatual.com.br\/wp-content\/uploads\/2021\/02\/image-2.png 1200w\" alt=\"\" data-src=\"https:\/\/www.redebrasilatual.com.br\/wp-content\/uploads\/2021\/02\/image-2-1024x445.png\" data-srcset=\"https:\/\/www.redebrasilatual.com.br\/wp-content\/uploads\/2021\/02\/image-2-1024x445.png 1024w, https:\/\/www.redebrasilatual.com.br\/wp-content\/uploads\/2021\/02\/image-2-360x156.png 360w, https:\/\/www.redebrasilatual.com.br\/wp-content\/uploads\/2021\/02\/image-2-768x333.png 768w, https:\/\/www.redebrasilatual.com.br\/wp-content\/uploads\/2021\/02\/image-2.png 1200w\" data-sizes=\"(max-width: 1024px) 100vw, 1024px\" data-was-processed=\"true\" \/><figcaption>Tabela com valores de arrecada\u00e7\u00e3o e despesa compara os n\u00fameros de 2014, atualizados para 2020, com os n\u00fameros efetivamente realizados no ano passado \/ Fonte: INSS<\/figcaption><\/figure>\n<h2>Previd\u00eancia e reformas<\/h2>\n<p>A reforma trabalhista aprovada no governo Temer contribuiu decisivamente para aprofundar esta situa\u00e7\u00e3o. A destrui\u00e7\u00e3o do aparato fiscalizat\u00f3rio do Estado facilitou a informalidade. A reforma trabalhista e a recess\u00e3o incentivaram a redu\u00e7\u00e3o de sal\u00e1rios e encargos sociais, deteriorando ainda mais as receitas da seguridade social e o equil\u00edbrio das contas. A sociedade brasileira tem um grave problema a resolver.<\/p>\n<p>A solu\u00e7\u00e3o de Bolsonaro e Paulo Guedes foi a mais cruel poss\u00edvel \u2013 fazer o ajuste em cima dos trabalhadores, para reduzir o fluxo de aposentadorias e fazer com que as pessoas recebam benef\u00edcios por menos tempo, retardando a entrada em benef\u00edcio.<\/p>\n<h2>Mais receitas<\/h2>\n<p>A solu\u00e7\u00e3o necess\u00e1ria, aquela que interessa aos trabalhadores, \u00e9 outra. Primeiro \u00e9 preciso reativar a economia para gerar empregos com carteira assinada, aumentar a massa salarial e, portanto, a arrecada\u00e7\u00e3o dos tributos que sustentam a seguridade social. Isto depende de pol\u00edticas p\u00fablicas voltadas para investimentos, por exemplo, em infraestrutura, constru\u00e7\u00e3o civil e \u00e1reas que geram muitos empregos. Esperar isto do atual governo, que s\u00f3 pensa em cortar, \u00e9 ilus\u00f3rio.<\/p>\n<p>A segunda medida \u00e9 taxar os rentistas e milion\u00e1rios. Impostos sobre grandes fortunas, tributar dividendos e o lucro sobre aplica\u00e7\u00f5es financeiras, aumentar a al\u00edquota m\u00e1ximo de Imposto de Renda sobre as rendas mais altas e reduzir para a base da pir\u00e2mide, aumentar a tributa\u00e7\u00e3o das heran\u00e7as milion\u00e1rias. Enfim, aumentar tributos sobre o capital financeiro e as grandes propriedades e reduzir impostos sobre os sal\u00e1rios e o consumo. Com isto d\u00e1 para aumentar as receitas para a seguridade social.<\/p>\n<p>Est\u00e1 na hora dos super ricos pagarem a conta, eles que pagam um nada de impostos, sonegam e sempre foram favorecidos neste pa\u00eds que construiu, ao longo de 500 anos, uma das sociedades mais desiguais e de maior concentra\u00e7\u00e3o de renda do mundo atual.<\/p>\n<p><em>*Jos\u00e9 Ricardo Sasseron foi presidente da\u00a0<a href=\"https:\/\/www.anapar.com.br\/\" target=\"_blank\" rel=\"noopener noreferrer\">Anapar<\/a>, diretor de Seguridade da Previ e diretor do SEEB S\u00e3o Paulo.<\/em><\/p>\n<p><strong>Fonte: Rede Brasil Atual<\/strong><\/p>\n","protected":false},"excerpt":{"rendered":"<p>O governo conservador, economistas neoliberais, financistas, a elite econ\u00f4mica, milion\u00e1rios e a m\u00eddia corporativa fazem um carnaval fora de \u00e9poca com o pretenso d\u00e9ficit da previd\u00eancia. Com sangue nos olhos, defendem reformas da previd\u00eancia para cortar benef\u00edcios, dificultar aposentadorias, privatizar a previd\u00eancia e condenar idosos \u00e0 mis\u00e9ria. Para eles, a culpa pelo desequil\u00edbrio das contas [&hellip;]<\/p>\n","protected":false},"author":2,"featured_media":10473,"comment_status":"","ping_status":"","sticky":false,"template":"","format":"standard","meta":{"footnotes":""},"categories":[3],"tags":[],"class_list":["post-10474","post","type-post","status-publish","format-standard","has-post-thumbnail","hentry","category-noticias"],"_links":{"self":[{"href":"https:\/\/hostnetart.com.br\/baixada\/wp-json\/wp\/v2\/posts\/10474","targetHints":{"allow":["GET"]}}],"collection":[{"href":"https:\/\/hostnetart.com.br\/baixada\/wp-json\/wp\/v2\/posts"}],"about":[{"href":"https:\/\/hostnetart.com.br\/baixada\/wp-json\/wp\/v2\/types\/post"}],"author":[{"embeddable":true,"href":"https:\/\/hostnetart.com.br\/baixada\/wp-json\/wp\/v2\/users\/2"}],"replies":[{"embeddable":true,"href":"https:\/\/hostnetart.com.br\/baixada\/wp-json\/wp\/v2\/comments?post=10474"}],"version-history":[{"count":0,"href":"https:\/\/hostnetart.com.br\/baixada\/wp-json\/wp\/v2\/posts\/10474\/revisions"}],"wp:featuredmedia":[{"embeddable":true,"href":"https:\/\/hostnetart.com.br\/baixada\/wp-json\/wp\/v2\/media\/10473"}],"wp:attachment":[{"href":"https:\/\/hostnetart.com.br\/baixada\/wp-json\/wp\/v2\/media?parent=10474"}],"wp:term":[{"taxonomy":"category","embeddable":true,"href":"https:\/\/hostnetart.com.br\/baixada\/wp-json\/wp\/v2\/categories?post=10474"},{"taxonomy":"post_tag","embeddable":true,"href":"https:\/\/hostnetart.com.br\/baixada\/wp-json\/wp\/v2\/tags?post=10474"}],"curies":[{"name":"wp","href":"https:\/\/api.w.org\/{rel}","templated":true}]}}