{"id":10472,"date":"2021-02-22T15:05:03","date_gmt":"2021-02-22T18:05:03","guid":{"rendered":"https:\/\/hostnetart.com.br\/baixada\/contraf-cut-apoia-luta-contra-venda-de-refinaria-da-petrobras\/"},"modified":"2021-02-22T15:05:03","modified_gmt":"2021-02-22T18:05:03","slug":"contraf-cut-apoia-luta-contra-venda-de-refinaria-da-petrobras","status":"publish","type":"post","link":"https:\/\/hostnetart.com.br\/baixada\/contraf-cut-apoia-luta-contra-venda-de-refinaria-da-petrobras\/","title":{"rendered":"Contraf-CUT apoia luta contra venda de refinaria da Petrobras"},"content":{"rendered":"<p>Entidades sindicais e do movimento social alertam para os riscos ao pa\u00eds a venda da Refinaria Landulpho Alves, na Bahia. Na semana passada os trabalhadores da Petrobras no estado realizaram greve que obrigou a dire\u00e7\u00e3o da empresa a abrir negocia\u00e7\u00e3o com os trabalhadores. Al\u00e9m disso, houve manifesta\u00e7\u00f5es de petroleiros em todas as unidades da empresa espalhadas pelo Brasil. A Confedera\u00e7\u00e3o Nacional dos Trabalhadores do Ramo Financeiro (Contraf-CUT) participa do movimento de apoio aos trabalhadores da Petrobras.<\/p>\n<p>A opera\u00e7\u00e3o de desmonte da empresa, cujo exemplo mais recente \u00e9 a venda da refinaria na Bahia, \u00e9 encoberta pelo notici\u00e1rio nacional sobre as mudan\u00e7as na dire\u00e7\u00e3o da Petrobras promovida pelo governo. Os constantes aumentos de pre\u00e7os nos combust\u00edveis acabaram por provocar a mudan\u00e7a na dire\u00e7\u00e3o da empresa.<\/p>\n<p>O movimento de solidariedade aos trabalhadores da Petrobras envolve centrais sindicais, federa\u00e7\u00f5es e sindicatos em todos os estados brasileiros, al\u00e9m de associa\u00e7\u00f5es e movimento sociais. \u201cA verdadeira amea\u00e7a contra a Petrobras \u00e9 o desmonte que o governo Bolsonaro est\u00e1 fazendo. Com a venda da refinaria, a popula\u00e7\u00e3o sofre amea\u00e7a de desabastecimento de derivados de petr\u00f3leo. O pa\u00eds perde uma ferramenta essencial para o desenvolvimento. Isso sem falar no desemprego que essa venda vai provocar, colocando milhares de fam\u00edlias ao abandono em plena pandemia\u201d, declarou a presidenta da Contraf-CUT, Juvandia Moreira.<\/p>\n<p>A refinaria Landulpho Alves foi a primeira refinaria nacional, criada em 1950 na cidade de S\u00e3o Francisco do Conde. Com a refinaria, desenvolveu-se na regi\u00e3o o primeiro complexo petroqu\u00edmico do pa\u00eds, o de Cama\u00e7ari. \u00c9 um dos maiores complexos industriais integrados do Hemisf\u00e9rio Sul e desempenha papel importante no setor produtivo do estado. A Refinaria Landulpho Alves est\u00e1 sendo vendida por US$ 1,65 bilh\u00e3o.<\/p>\n<p>\u201cA dire\u00e7\u00e3o da Petrobras iniciou um plano de venda de refinarias e terminais. \u00c9 o desmonte de um patrim\u00f4nio do povo brasileiro. Caso isso aconte\u00e7a, corremos o risco de criar monop\u00f3lios privados, de desabastecimento e do aumento ainda maior dos pre\u00e7os da gasolina, diesel e g\u00e1s de cozinha\u201d, alertou a presidenta da Contraf-CUT.<\/p>\n<p><strong>Fonte: Contraf-CUT<\/strong><\/p>\n","protected":false},"excerpt":{"rendered":"<p>Entidades sindicais e do movimento social alertam para os riscos ao pa\u00eds a venda da Refinaria Landulpho Alves, na Bahia. Na semana passada os trabalhadores da Petrobras no estado realizaram greve que obrigou a dire\u00e7\u00e3o da empresa a abrir negocia\u00e7\u00e3o com os trabalhadores. Al\u00e9m disso, houve manifesta\u00e7\u00f5es de petroleiros em todas as unidades da empresa [&hellip;]<\/p>\n","protected":false},"author":2,"featured_media":10471,"comment_status":"","ping_status":"","sticky":false,"template":"","format":"standard","meta":{"footnotes":""},"categories":[3],"tags":[],"class_list":["post-10472","post","type-post","status-publish","format-standard","has-post-thumbnail","hentry","category-noticias"],"_links":{"self":[{"href":"https:\/\/hostnetart.com.br\/baixada\/wp-json\/wp\/v2\/posts\/10472","targetHints":{"allow":["GET"]}}],"collection":[{"href":"https:\/\/hostnetart.com.br\/baixada\/wp-json\/wp\/v2\/posts"}],"about":[{"href":"https:\/\/hostnetart.com.br\/baixada\/wp-json\/wp\/v2\/types\/post"}],"author":[{"embeddable":true,"href":"https:\/\/hostnetart.com.br\/baixada\/wp-json\/wp\/v2\/users\/2"}],"replies":[{"embeddable":true,"href":"https:\/\/hostnetart.com.br\/baixada\/wp-json\/wp\/v2\/comments?post=10472"}],"version-history":[{"count":0,"href":"https:\/\/hostnetart.com.br\/baixada\/wp-json\/wp\/v2\/posts\/10472\/revisions"}],"wp:featuredmedia":[{"embeddable":true,"href":"https:\/\/hostnetart.com.br\/baixada\/wp-json\/wp\/v2\/media\/10471"}],"wp:attachment":[{"href":"https:\/\/hostnetart.com.br\/baixada\/wp-json\/wp\/v2\/media?parent=10472"}],"wp:term":[{"taxonomy":"category","embeddable":true,"href":"https:\/\/hostnetart.com.br\/baixada\/wp-json\/wp\/v2\/categories?post=10472"},{"taxonomy":"post_tag","embeddable":true,"href":"https:\/\/hostnetart.com.br\/baixada\/wp-json\/wp\/v2\/tags?post=10472"}],"curies":[{"name":"wp","href":"https:\/\/api.w.org\/{rel}","templated":true}]}}