{"id":10470,"date":"2021-02-22T15:02:58","date_gmt":"2021-02-22T18:02:58","guid":{"rendered":"https:\/\/hostnetart.com.br\/baixada\/bancario-do-itau-e-reintegrado-pelo-sindicato-dos-bancarios-da-baixada-fluminense-2\/"},"modified":"2021-02-22T15:02:58","modified_gmt":"2021-02-22T18:02:58","slug":"bancario-do-itau-e-reintegrado-pelo-sindicato-dos-bancarios-da-baixada-fluminense-2","status":"publish","type":"post","link":"https:\/\/hostnetart.com.br\/baixada\/bancario-do-itau-e-reintegrado-pelo-sindicato-dos-bancarios-da-baixada-fluminense-2\/","title":{"rendered":"Banc\u00e1rio do Ita\u00fa \u00e9 reintegrado pelo Sindicato dos Banc\u00e1rios da Baixada Fluminense"},"content":{"rendered":"<div>O Sindicato dos Banc\u00e1rios da Baixada Fluminense, atrav\u00e9s de seus Departamentos Jur\u00eddico e de Sa\u00fade, reintegrou mais um banc\u00e1rio. Desta vez, do Banco Ita\u00fa.\u00a0<\/div>\n<div>\u00a0<\/div>\n<div>O banc\u00e1rio J\u00falio Henrique de Paula Amorim, demitido em plena pandemia do novo coronav\u00edrus, foi reintegrado pela 7a Vara do Trabalho de Nova Igua\u00e7u.<\/div>\n<div>\u00a0<\/div>\n<div><span style=\"text-decoration: underline;\">ENTENDA O CASO<\/span><\/div>\n<div>\u00a0<\/div>\n<div>Os bancos vem contrariando o compromisso firmado com a categoria banc\u00e1ria de n\u00e3o demitir durante a pandemia.\u00a0<\/div>\n<div>\u00a0<\/div>\n<div>J\u00falio Henrique foi demitido em Outubro de 2020 e ingressou com um pedido de reintegra\u00e7\u00e3o, atrav\u00e9s de um escrit\u00f3rio particular, mas n\u00e3o obteve \u00eaxito.\u00a0<\/div>\n<div>\u00a0<\/div>\n<div>Em Dezembro de 2020, ap\u00f3s procurar o Sindicato dos Banc\u00e1rios da Baixada Fluminense, o banc\u00e1rio foi atendido pelo Departamento Jur\u00eddico, que impetrou um mandado de seguran\u00e7a junto ao Tribunal Regional do Trabalho. Em pouco tempo, foi deferida medida liminar determinando sua imediata reintegra\u00e7\u00e3o aos quadros de funcion\u00e1rios do Banco Ita\u00fa Unibanco S\/A.<\/div>\n<div>\u00a0<\/div>\n<div><span style=\"text-decoration: underline;\">IMPORTANTE<\/span><\/div>\n<div>\u00a0<\/div>\n<div>Em caso de demiss\u00e3o, a orienta\u00e7\u00e3o \u00e9 para que o banc\u00e1rio ou banc\u00e1ria entre em contato imediatamente com o Sindicato.<\/div>\n<div>\u00a0<\/div>\n<div>SINDICALIZE-SE<\/div>\n<p>\u00a0<\/p>\n","protected":false},"excerpt":{"rendered":"<p>O Sindicato dos Banc\u00e1rios da Baixada Fluminense, atrav\u00e9s de seus Departamentos Jur\u00eddico e de Sa\u00fade, reintegrou mais um banc\u00e1rio. Desta vez, do Banco Ita\u00fa.\u00a0 \u00a0 O banc\u00e1rio J\u00falio Henrique de Paula Amorim, demitido em plena pandemia do novo coronav\u00edrus, foi reintegrado pela 7a Vara do Trabalho de Nova Igua\u00e7u. \u00a0 ENTENDA O CASO \u00a0 Os [&hellip;]<\/p>\n","protected":false},"author":2,"featured_media":10469,"comment_status":"","ping_status":"","sticky":false,"template":"","format":"standard","meta":{"footnotes":""},"categories":[3],"tags":[],"class_list":["post-10470","post","type-post","status-publish","format-standard","has-post-thumbnail","hentry","category-noticias"],"_links":{"self":[{"href":"https:\/\/hostnetart.com.br\/baixada\/wp-json\/wp\/v2\/posts\/10470","targetHints":{"allow":["GET"]}}],"collection":[{"href":"https:\/\/hostnetart.com.br\/baixada\/wp-json\/wp\/v2\/posts"}],"about":[{"href":"https:\/\/hostnetart.com.br\/baixada\/wp-json\/wp\/v2\/types\/post"}],"author":[{"embeddable":true,"href":"https:\/\/hostnetart.com.br\/baixada\/wp-json\/wp\/v2\/users\/2"}],"replies":[{"embeddable":true,"href":"https:\/\/hostnetart.com.br\/baixada\/wp-json\/wp\/v2\/comments?post=10470"}],"version-history":[{"count":0,"href":"https:\/\/hostnetart.com.br\/baixada\/wp-json\/wp\/v2\/posts\/10470\/revisions"}],"wp:featuredmedia":[{"embeddable":true,"href":"https:\/\/hostnetart.com.br\/baixada\/wp-json\/wp\/v2\/media\/10469"}],"wp:attachment":[{"href":"https:\/\/hostnetart.com.br\/baixada\/wp-json\/wp\/v2\/media?parent=10470"}],"wp:term":[{"taxonomy":"category","embeddable":true,"href":"https:\/\/hostnetart.com.br\/baixada\/wp-json\/wp\/v2\/categories?post=10470"},{"taxonomy":"post_tag","embeddable":true,"href":"https:\/\/hostnetart.com.br\/baixada\/wp-json\/wp\/v2\/tags?post=10470"}],"curies":[{"name":"wp","href":"https:\/\/api.w.org\/{rel}","templated":true}]}}