{"id":10464,"date":"2021-02-19T12:43:11","date_gmt":"2021-02-19T15:43:11","guid":{"rendered":"https:\/\/hostnetart.com.br\/baixada\/empregados-da-caixa-fazem-tuitaco-contra-as-metas-desumanas-nesta-sexta-19\/"},"modified":"2021-02-19T12:43:11","modified_gmt":"2021-02-19T15:43:11","slug":"empregados-da-caixa-fazem-tuitaco-contra-as-metas-desumanas-nesta-sexta-19","status":"publish","type":"post","link":"https:\/\/hostnetart.com.br\/baixada\/empregados-da-caixa-fazem-tuitaco-contra-as-metas-desumanas-nesta-sexta-19\/","title":{"rendered":"Empregados da Caixa fazem tuita\u00e7o contra as metas desumanas nesta sexta (19)"},"content":{"rendered":"<p>Empregados da Caixa Econ\u00f4mica Federal de todo o Brasil e entidades representativas dos empregados estar\u00e3o mobilizados nesta sexta-feira (19) contra as metas desumanas impostas pelo banco que est\u00e3o causando o adoecimento dos trabalhadores. \u00c0s 11h, come\u00e7a o tuita\u00e7o e os banc\u00e1rios podem usar as hashtags #MexeucomaCaixaMexeucomoBrasil #CaixaValorizeOEmpregado e #MetasDesumanasN\u00e3o nos seus perfis da rede social. O objetivo tamb\u00e9m \u00e9 denunciar o desrespeito do banco contra os empregados e o d\u00e9ficit no quadro de trabalhadores.<\/p>\n<p>A a\u00e7\u00e3o faz parte do calend\u00e1rio de lutas da Campanha de Valoriza\u00e7\u00e3o da categoria, lan\u00e7ada em 28 de dezembro, para chamar aten\u00e7\u00e3o da sociedade sobre a import\u00e2ncia do trabalho realizado pelos trabalhadores da empresa, especialmente em 2020, ano marcado pela crise sanit\u00e1ria da Covida-19.<\/p>\n<p>As metas desumanas t\u00eam acompanhado o empregado desde o in\u00edcio da pandemia. Apesar da dire\u00e7\u00e3o do banco ter assumido o compromisso de diminui-las em mesa de negocia\u00e7\u00e3o, a medida n\u00e3o aconteceu. \u201cExiste uma necessidade urgente que \u00e9 dar melhores condi\u00e7\u00f5es de trabalho para todos os empregados. Os colegas j\u00e1 est\u00e3o sobrecarregados e a situa\u00e7\u00e3o s\u00f3 piora. O cansa\u00e7o \u00e9 de todos e por isso a Caixa precisa contratar. A amplia\u00e7\u00e3o do quadro, al\u00e9m de aliviar a sobrecarga, tamb\u00e9m significa um atendimento melhor para a popula\u00e7\u00e3o\u201d, avaliou coordenadora da Comiss\u00e3o Executiva dos Empregados da Caixa (CEE\/Caixa) e secret\u00e1ria da Cultura da Confedera\u00e7\u00e3o Nacional dos Trabalhadores do Ramo Financeiro (Contraf-CUT), Fabiana Uehara Proscholdt.<\/p>\n<p>Na pandemia, os empregados, mais uma vez, trabalharam intensamente para cumprir o papel social da Caixa. Foram nove meses de pagamento do pagamento do aux\u00edlio emergencial para mais de 67 milh\u00f5es de brasileiros, medida tomada para aliviar os efeitos da crise sanit\u00e1ria. Tamb\u00e9m foram os trabalhadores da Caixa que atenderam outros 50 milh\u00f5es de brasileiros que buscaram o banco para receber outros benef\u00edcios emerg\u00eancias.<\/p>\n<p>\u201cA press\u00e3o e cobran\u00e7a por metas desumanas est\u00e3o adoecendo os trabalhadores. Mesmo com quadro reduzido para atendimento, os banc\u00e1rios ainda s\u00e3o direcionados para outros trabalhos no objetivo de cumprir metas. A dire\u00e7\u00e3o da Caixa \u00e9 perversa. Cad\u00ea o respeito e valoriza\u00e7\u00e3o dos colegas?\u201d, afirmou o presidente da Federa\u00e7\u00e3o Nacional das Associa\u00e7\u00f5es do Pessoal da Caixa Econ\u00f4mica Federal (Fenae), Sergio Takemoto.<\/p>\n<p>Outro problema \u00e9 a redu\u00e7\u00e3o de empregados que a Caixa tem feito nos \u00faltimos anos. O d\u00e9ficit atingiu mais de 19 mil postos de trabalho e o n\u00famero deve aumentar, uma vez que ainda n\u00e3o foram divulgados os dados completos de desligamentos do \u00faltimo Programa de Demiss\u00e3o Volunt\u00e1ria (PDV).<\/p>\n<p>Participe! Use as hashtags<\/p>\n<ul>\n<li>#MexeucomaCaixaMexeucomoBrasil<\/li>\n<li>#CaixaValorizeOEmpregado<\/li>\n<li>#MetasDesumanasN\u00e3o<\/li>\n<\/ul>\n<p><strong>Fonte: Contraf-CUT<\/strong><\/p>\n","protected":false},"excerpt":{"rendered":"<p>Empregados da Caixa Econ\u00f4mica Federal de todo o Brasil e entidades representativas dos empregados estar\u00e3o mobilizados nesta sexta-feira (19) contra as metas desumanas impostas pelo banco que est\u00e3o causando o adoecimento dos trabalhadores. \u00c0s 11h, come\u00e7a o tuita\u00e7o e os banc\u00e1rios podem usar as hashtags #MexeucomaCaixaMexeucomoBrasil #CaixaValorizeOEmpregado e #MetasDesumanasN\u00e3o nos seus perfis da rede social. [&hellip;]<\/p>\n","protected":false},"author":2,"featured_media":10463,"comment_status":"","ping_status":"","sticky":false,"template":"","format":"standard","meta":{"footnotes":""},"categories":[3],"tags":[],"class_list":["post-10464","post","type-post","status-publish","format-standard","has-post-thumbnail","hentry","category-noticias"],"_links":{"self":[{"href":"https:\/\/hostnetart.com.br\/baixada\/wp-json\/wp\/v2\/posts\/10464","targetHints":{"allow":["GET"]}}],"collection":[{"href":"https:\/\/hostnetart.com.br\/baixada\/wp-json\/wp\/v2\/posts"}],"about":[{"href":"https:\/\/hostnetart.com.br\/baixada\/wp-json\/wp\/v2\/types\/post"}],"author":[{"embeddable":true,"href":"https:\/\/hostnetart.com.br\/baixada\/wp-json\/wp\/v2\/users\/2"}],"replies":[{"embeddable":true,"href":"https:\/\/hostnetart.com.br\/baixada\/wp-json\/wp\/v2\/comments?post=10464"}],"version-history":[{"count":0,"href":"https:\/\/hostnetart.com.br\/baixada\/wp-json\/wp\/v2\/posts\/10464\/revisions"}],"wp:featuredmedia":[{"embeddable":true,"href":"https:\/\/hostnetart.com.br\/baixada\/wp-json\/wp\/v2\/media\/10463"}],"wp:attachment":[{"href":"https:\/\/hostnetart.com.br\/baixada\/wp-json\/wp\/v2\/media?parent=10464"}],"wp:term":[{"taxonomy":"category","embeddable":true,"href":"https:\/\/hostnetart.com.br\/baixada\/wp-json\/wp\/v2\/categories?post=10464"},{"taxonomy":"post_tag","embeddable":true,"href":"https:\/\/hostnetart.com.br\/baixada\/wp-json\/wp\/v2\/tags?post=10464"}],"curies":[{"name":"wp","href":"https:\/\/api.w.org\/{rel}","templated":true}]}}