{"id":10462,"date":"2021-02-19T12:41:46","date_gmt":"2021-02-19T15:41:46","guid":{"rendered":"https:\/\/hostnetart.com.br\/baixada\/cee-caixa-desenvolve-calendario-de-lutas-contra-reestruturacao-e-metas-desumanas\/"},"modified":"2021-02-19T12:41:46","modified_gmt":"2021-02-19T15:41:46","slug":"cee-caixa-desenvolve-calendario-de-lutas-contra-reestruturacao-e-metas-desumanas","status":"publish","type":"post","link":"https:\/\/hostnetart.com.br\/baixada\/cee-caixa-desenvolve-calendario-de-lutas-contra-reestruturacao-e-metas-desumanas\/","title":{"rendered":"CEE\/Caixa desenvolve calend\u00e1rio de lutas contra reestrutura\u00e7\u00e3o e metas desumanas"},"content":{"rendered":"<p>A reestrutura\u00e7\u00e3o de \u00e1reas da Caixa tem preocupado a Comiss\u00e3o Executiva dos Empregados da Caixa (CEE\/Caixa). A mudan\u00e7a acontece em todo o pa\u00eds, sem justificativa e planejamento, deixando os empregados inseguros e em p\u00e2nico. Esse foi um dos temas debatidos na reuni\u00e3o da \u00faltima sexta-feira (12) da Comiss\u00e3o, que aconteceu por meio de videoconfer\u00eancia. No encontro, os representantes dos empregados abordaram ainda a Campanha de Valoriza\u00e7\u00e3o dos banc\u00e1rios da Caixa, que tem como temas as metas desumanas e o desrespeito do banco.\u00a0 O Sa\u00fade Caixa tamb\u00e9m foi tema da reuni\u00e3o.<\/p>\n<p>Para intensificar as cobran\u00e7as, a CEE est\u00e1 desenvolvendo um calend\u00e1rio de lutas fortalecendo a Campanha de Valoriza\u00e7\u00e3o dos empregados, contra a reestrutura\u00e7\u00e3o, metas desumanas, o ass\u00e9dio e as medidas abusivas do presidente da Caixa, Pedro Guimaraes. As atividades come\u00e7am na pr\u00f3xima sexta-feira (19), com um tuita\u00e7o em defesa da Caixa 100% p\u00fablica e dos direitos dos empregados.<\/p>\n<p>\u201cO objetivo \u00e9 mobilizar todos os empregados e mostrar para a Caixa a nossa uni\u00e3o. A Caixa precisa respeitar os empregados, as metas desumanas t\u00eam deixados todos sobrecarregados e adoecidos e isso n\u00e3o pode acontecer\u201d, afirmou a coordenadora da CEE\/Caixa, Fabiana Uehara Proscholdt.<\/p>\n<h3>Reestrutura\u00e7\u00e3o<\/h3>\n<p>A Comiss\u00e3o recebeu mais den\u00fancias de \u00e1reas que est\u00e3o sendo extintas ou realocadas para centralizadoras. Al\u00e9m disso, os empregados t\u00eam relatado incertezas quanto ao trabalho, sem saber o que acontecer\u00e1 com a sua \u00e1rea. Outro ponto descartado pela CEE\/Caixa foi a falta de comunicados oficiais pelo banco, que insiste em dizer que n\u00e3o h\u00e1 reestrutura\u00e7\u00e3o.<\/p>\n<p>A Federa\u00e7\u00e3o Nacional das Associa\u00e7\u00f5es do Pessoal da Caixa Econ\u00f4mica Federal (Fenae) e a Confedera\u00e7\u00e3o Nacional dos Trabalhadores do Ramo Financeiro (Contraf-CUT) realizaram, na segunda-feira (08), a primeira audi\u00eancia com o Minist\u00e9rio P\u00fablico do Trabalho (MPT) sobre a persegui\u00e7\u00e3o aos empregados que est\u00e1 acontecendo na Caixa devido \u00e0 reestrutura\u00e7\u00e3o imposta pela gest\u00e3o do banco.<\/p>\n<p>O procurador do trabalho deu um prazo de 30 dias par que a Caixa apresente as informa\u00e7\u00f5es solicitadas para ent\u00e3o definir os desdobramentos.<\/p>\n<p>Metas desumanas O crescimento da cobran\u00e7a de metas tamb\u00e9m foi tema da reuni\u00e3o. Em tempos de pandemia, a Caixa tem cobrado metas desumanas, adoecendo os empregados. Diante desse cen\u00e1rio que surgiu a Campanha de Valoriza\u00e7\u00e3o dos banc\u00e1rios da Caixa.<\/p>\n<p>A reivindica\u00e7\u00e3o para reduzir a meta vem sendo feita pela Comiss\u00e3o Executiva dos Empregados da Caixa (CEE\/Caixa) desde o in\u00edcio da pandemia. Diversos of\u00edcios j\u00e1 foram enviados cobrando a dire\u00e7\u00e3o do banco, mas sem respostas.<\/p>\n<p>Durante a Campanha Nacional 2020, o assunto tamb\u00e9m foi tratado. O pedido foi para que a Caixa deixasse de cobrar as metas enquanto perdurar a pandemia.<\/p>\n<p><strong>Fonte: Contraf-CUT<\/strong><\/p>\n","protected":false},"excerpt":{"rendered":"<p>A reestrutura\u00e7\u00e3o de \u00e1reas da Caixa tem preocupado a Comiss\u00e3o Executiva dos Empregados da Caixa (CEE\/Caixa). A mudan\u00e7a acontece em todo o pa\u00eds, sem justificativa e planejamento, deixando os empregados inseguros e em p\u00e2nico. Esse foi um dos temas debatidos na reuni\u00e3o da \u00faltima sexta-feira (12) da Comiss\u00e3o, que aconteceu por meio de videoconfer\u00eancia. No [&hellip;]<\/p>\n","protected":false},"author":2,"featured_media":10461,"comment_status":"","ping_status":"","sticky":false,"template":"","format":"standard","meta":{"footnotes":""},"categories":[3],"tags":[],"class_list":["post-10462","post","type-post","status-publish","format-standard","has-post-thumbnail","hentry","category-noticias"],"_links":{"self":[{"href":"https:\/\/hostnetart.com.br\/baixada\/wp-json\/wp\/v2\/posts\/10462","targetHints":{"allow":["GET"]}}],"collection":[{"href":"https:\/\/hostnetart.com.br\/baixada\/wp-json\/wp\/v2\/posts"}],"about":[{"href":"https:\/\/hostnetart.com.br\/baixada\/wp-json\/wp\/v2\/types\/post"}],"author":[{"embeddable":true,"href":"https:\/\/hostnetart.com.br\/baixada\/wp-json\/wp\/v2\/users\/2"}],"replies":[{"embeddable":true,"href":"https:\/\/hostnetart.com.br\/baixada\/wp-json\/wp\/v2\/comments?post=10462"}],"version-history":[{"count":0,"href":"https:\/\/hostnetart.com.br\/baixada\/wp-json\/wp\/v2\/posts\/10462\/revisions"}],"wp:featuredmedia":[{"embeddable":true,"href":"https:\/\/hostnetart.com.br\/baixada\/wp-json\/wp\/v2\/media\/10461"}],"wp:attachment":[{"href":"https:\/\/hostnetart.com.br\/baixada\/wp-json\/wp\/v2\/media?parent=10462"}],"wp:term":[{"taxonomy":"category","embeddable":true,"href":"https:\/\/hostnetart.com.br\/baixada\/wp-json\/wp\/v2\/categories?post=10462"},{"taxonomy":"post_tag","embeddable":true,"href":"https:\/\/hostnetart.com.br\/baixada\/wp-json\/wp\/v2\/tags?post=10462"}],"curies":[{"name":"wp","href":"https:\/\/api.w.org\/{rel}","templated":true}]}}