{"id":10450,"date":"2021-02-17T14:40:06","date_gmt":"2021-02-17T17:40:06","guid":{"rendered":"https:\/\/hostnetart.com.br\/baixada\/tributar-os-mais-ricos-pode-ter-impacto-positivo-de-2-4-no-pib\/"},"modified":"2021-02-17T14:40:06","modified_gmt":"2021-02-17T17:40:06","slug":"tributar-os-mais-ricos-pode-ter-impacto-positivo-de-2-4-no-pib","status":"publish","type":"post","link":"https:\/\/hostnetart.com.br\/baixada\/tributar-os-mais-ricos-pode-ter-impacto-positivo-de-2-4-no-pib\/","title":{"rendered":"Tributar os mais ricos pode ter impacto positivo de 2,4% no PIB"},"content":{"rendered":"<p>Um estudo realizado pelo Centro de Pesquisa em Macroeconomia das Desigualdades da Universidade de S\u00e3o Paulo (Made-USP) mostra que uma tributa\u00e7\u00e3o dos mais ricos que financiasse a expans\u00e3o do valor e do n\u00famero de benefici\u00e1rios do Programa Bolsa Fam\u00edlia poderia reduzir em at\u00e9 8,9% a desigualdade medida pelo \u00edndice de Gini no pa\u00eds. Al\u00e9m de ajudar na recupera\u00e7\u00e3o econ\u00f4mica com um impacto positivo no PIB.<\/p>\n<p>A an\u00e1lise \u00e9 dos economistas Rodrigo Toneto, Theo Ribas e Laura Carvalho. Pelo\u00a0<a href=\"https:\/\/madeusp.com.br\/wp-content\/uploads\/2021\/02\/NPE008_site.pdf\" target=\"_blank\" rel=\"noopener noreferrer\">documento<\/a>\u00a0pode-se inferir que mesmo as pol\u00edticas consideradas fiscalmente neutras, que n\u00e3o elevam a d\u00edvida p\u00fablica, podem, de acordo com a forma e onde s\u00e3o aplicadas, contribuir para uma maior equidade na distribui\u00e7\u00e3o de rendimentos.<\/p>\n<p>\u201cNossos resultados indicam grande disparidade na propor\u00e7\u00e3o da renda consumida por cada estrato: enquanto os 10% mais pobres gastam cerca de 90% da sua renda adicional em consumo, o valor cai para 24% entre o 1% mais rico. Levando em considera\u00e7\u00e3o a atual estrutura distributiva da economia brasileira e as distintas propens\u00f5es a consumir de cada estrato de renda, mostramos que cada R$ 100,00 transferidos do 1% mais rico para os 30% mais pobres geram uma expans\u00e3o de R$ 106,70 na economia\u201d, aponta o estudo.<\/p>\n<p>Assim, adotando-se os mesmos moldes estabelecidos pelo aux\u00edlio emergencial de 2020, uma pol\u00edtica de prote\u00e7\u00e3o social financiada a partir de tributos sobre o 1% mais rico poderia assegurar a transfer\u00eancia de R$ 125 mensais para os 30% mais pobres.<\/p>\n<p>\u201cA medida eleva o multiplicador da economia, tornando mais expansionista qualquer nova inje\u00e7\u00e3o de demanda. Seguindo o exemplo anterior, os mesmos 100 reais elevam neste caso em R$ 109,00 a renda agregada. Al\u00e9m disso, por meio dos dados da POF 2017-2018, estimamos que a implementa\u00e7\u00e3o de uma pol\u00edtica como essa pode ter um impacto positivo de 2,4% no PIB\u201d, aponta o estudo.<\/p>\n<p>Mesmo sendo uma proposta que n\u00e3o causaria \u00f4nus aos cofres p\u00fablicos e nem elevaria o d\u00e9ficit, algo nesse sentido esbarraria nas limita\u00e7\u00f5es impostas pela\u00a0<a href=\"https:\/\/www.redebrasilatual.com.br\/tag\/teto-de-gastos\/\" target=\"_blank\" rel=\"noopener noreferrer\">Lei do Teto<\/a>. \u201cAfinal, a regra fiscal limita o montante que pode ser gasto pelo governo independentemente do quanto se arrecada. Novos desenhos para o teto de gastos que permitam a implementa\u00e7\u00e3o de propostas fiscalmente sustent\u00e1veis que combinem um alto potencial de reduzir desigualdades e de estimular a economia ser\u00e3o objeto de Notas futuras\u201d, conclui o estudo.<\/p>\n<h2>Tributa\u00e7\u00e3o dos mais ricos \u00e9 bom para a democracia<\/h2>\n<p>Em entrevista ao\u00a0<a href=\"https:\/\/www.bbc.com\/portuguese\/brasil-56049425\" target=\"_blank\" rel=\"noopener noreferrer\">site da BBC<\/a>, Laura Carvalho, uma das autoras do estudo e professora da Faculdade de Economia, Administra\u00e7\u00e3o, Contabilidade e Atu\u00e1ria da Universidade de S\u00e3o Paulo (FEA-USP) destacou que os efeitos de uma tributa\u00e7\u00e3o dos mais ricos que possa bancar programas sociais e reduzir a desigualdade tem impactos que n\u00e3os e resumem \u00e0 esfera econ\u00f4mica.<\/p>\n<p>\u201cA redu\u00e7\u00e3o da desigualdade tem benef\u00edcios em si. Sabemos que ela tem custos que n\u00e3o s\u00f3 t\u00eam a ver com o direito \u00e0 renda e \u00e0 dignidade humana, mas tem tamb\u00e9m efeitos pol\u00edticos, pois a desigualdade tende a criar distor\u00e7\u00f5es no pr\u00f3prio sistema democr\u00e1tico\u201d, pontua.<\/p>\n<p><strong>Fonte: Rede Brasil Atual<\/strong><\/p>\n","protected":false},"excerpt":{"rendered":"<p>Um estudo realizado pelo Centro de Pesquisa em Macroeconomia das Desigualdades da Universidade de S\u00e3o Paulo (Made-USP) mostra que uma tributa\u00e7\u00e3o dos mais ricos que financiasse a expans\u00e3o do valor e do n\u00famero de benefici\u00e1rios do Programa Bolsa Fam\u00edlia poderia reduzir em at\u00e9 8,9% a desigualdade medida pelo \u00edndice de Gini no pa\u00eds. Al\u00e9m de [&hellip;]<\/p>\n","protected":false},"author":2,"featured_media":10449,"comment_status":"","ping_status":"","sticky":false,"template":"","format":"standard","meta":{"footnotes":""},"categories":[3],"tags":[],"class_list":["post-10450","post","type-post","status-publish","format-standard","has-post-thumbnail","hentry","category-noticias"],"_links":{"self":[{"href":"https:\/\/hostnetart.com.br\/baixada\/wp-json\/wp\/v2\/posts\/10450","targetHints":{"allow":["GET"]}}],"collection":[{"href":"https:\/\/hostnetart.com.br\/baixada\/wp-json\/wp\/v2\/posts"}],"about":[{"href":"https:\/\/hostnetart.com.br\/baixada\/wp-json\/wp\/v2\/types\/post"}],"author":[{"embeddable":true,"href":"https:\/\/hostnetart.com.br\/baixada\/wp-json\/wp\/v2\/users\/2"}],"replies":[{"embeddable":true,"href":"https:\/\/hostnetart.com.br\/baixada\/wp-json\/wp\/v2\/comments?post=10450"}],"version-history":[{"count":0,"href":"https:\/\/hostnetart.com.br\/baixada\/wp-json\/wp\/v2\/posts\/10450\/revisions"}],"wp:featuredmedia":[{"embeddable":true,"href":"https:\/\/hostnetart.com.br\/baixada\/wp-json\/wp\/v2\/media\/10449"}],"wp:attachment":[{"href":"https:\/\/hostnetart.com.br\/baixada\/wp-json\/wp\/v2\/media?parent=10450"}],"wp:term":[{"taxonomy":"category","embeddable":true,"href":"https:\/\/hostnetart.com.br\/baixada\/wp-json\/wp\/v2\/categories?post=10450"},{"taxonomy":"post_tag","embeddable":true,"href":"https:\/\/hostnetart.com.br\/baixada\/wp-json\/wp\/v2\/tags?post=10450"}],"curies":[{"name":"wp","href":"https:\/\/api.w.org\/{rel}","templated":true}]}}