{"id":10448,"date":"2021-02-12T23:07:27","date_gmt":"2021-02-13T02:07:27","guid":{"rendered":"https:\/\/hostnetart.com.br\/baixada\/coe-itau-conquista-modelo-de-compensacao-do-banco-de-horas-negativas\/"},"modified":"2021-02-12T23:07:27","modified_gmt":"2021-02-13T02:07:27","slug":"coe-itau-conquista-modelo-de-compensacao-do-banco-de-horas-negativas","status":"publish","type":"post","link":"https:\/\/hostnetart.com.br\/baixada\/coe-itau-conquista-modelo-de-compensacao-do-banco-de-horas-negativas\/","title":{"rendered":"COE Ita\u00fa conquista modelo de compensa\u00e7\u00e3o do banco de horas negativas"},"content":{"rendered":"<p>O acordo do modelo de compensa\u00e7\u00e3o do banco de horas negativas foi o grande avan\u00e7o da reuni\u00e3o entre a Comiss\u00e3o de Organiza\u00e7\u00e3o dos Empregados (COE) do Ita\u00fa e a dire\u00e7\u00e3o do banco, realizada na noite desta sexta-feira (12), por videoconfer\u00eancia. Depois do Carnaval, os sindicatos realizar\u00e3o assembleias com os trabalhadores para a aprova\u00e7\u00e3o da proposta.<\/p>\n<p>Ficou acertado entre as partes que os banc\u00e1rios ter\u00e3o um per\u00edodo de 18 meses, a partir do m\u00eas de mar\u00e7o, com o limite de duas horas por dia, para compensar as horas negativas. O acordo ser\u00e1 revisado a cada tr\u00eas meses, podendo ser prorrogado em mais seis meses, caso os trabalhadores n\u00e3o estejam conseguindo zerar os seus bancos.<\/p>\n<p>\u201c\u00c9 uma vit\u00f3ria para os trabalhadores, pois conseguimos a amplia\u00e7\u00e3o do per\u00edodo de compensa\u00e7\u00e3o e a garantia de uma avalia\u00e7\u00e3o bipartite peri\u00f3dica de como est\u00e1 o processo, a partir da proposta que o banco apresentou inicialmente\u201d, comemorou Jair Alves, coordenador da COE Ita\u00fa, referindo-se a\u00a0<a href=\"https:\/\/contrafcut.com.br\/noticias\/coe-itau-discute-compensacao-de-horas-negativas-com-o-banco\/?swcfpc=1\" target=\"_blank\" rel=\"noopener noreferrer\">reuni\u00e3o do dia 20 de janeiro<\/a>.<\/p>\n<p>Os representantes dos trabalhadores tamb\u00e9m questionaram como ficar\u00e3o os casos de banc\u00e1rias com licen\u00e7a maternidade e de banc\u00e1rios e banc\u00e1rias que sofrerem afastamento por acidente de trabalho e n\u00e3o conseguirem zerar suas horas negativas. O banco disse que essas e outras eventualidades ser\u00e3o avaliadas caso a caso.<\/p>\n<p>Se houver desligamento por iniciativa do banco, n\u00e3o ser\u00e3o descontado essas horas.<\/p>\n<p>A COE orienta pela aprova\u00e7\u00e3o da proposta.<\/p>\n<h3>Demiss\u00f5es<\/h3>\n<p>O movimento sindical questionou o banco sobre as den\u00fancias de mais de 200 demiss\u00f5es que est\u00e3o recebendo de todo o Brasil. Alguns relatos d\u00e3o conta de que o motivo das dispensas s\u00e3o o novo modelo de ag\u00eancias do banco, pois os trabalhadores dispensados n\u00e3o teriam perfil. Outros s\u00e3o de ass\u00e9dio moral de gestores, que amea\u00e7am os trabalhadores usando a reestrutura\u00e7\u00e3o como pano de fundo.<\/p>\n<p>Os representantes dos trabalhadores lembraram ainda que na<a href=\"https:\/\/contrafcut.com.br\/noticias\/coe-itau-discute-compensacao-de-horas-negativas-com-o-banco\/?swcfpc=1\" target=\"_blank\" rel=\"noopener noreferrer\">\u00a0apresenta\u00e7\u00e3o do Projeto do banco do futuro: ag\u00eancia do Ita\u00fa 2030<\/a>, o banco informou que o projeto-piloto come\u00e7aria por apenas duas regi\u00f5es e n\u00e3o teria demiss\u00f5es.<\/p>\n<p>O banco negou que as demiss\u00f5es tenham alguma liga\u00e7\u00e3o com o novo modelo do banco, mas ficou de apurar as den\u00fancias. Uma nova reuni\u00e3o ser\u00e1 agendada na pr\u00f3xima semana para discutir o tema.<\/p>\n<p>A COE reivindicou que as demiss\u00f5es sejam suspensas at\u00e9 o encontro. O banco negou a solicita\u00e7\u00e3o.<\/p>\n<h3>PCR<\/h3>\n<p>As negocia\u00e7\u00f5es em torno do Programa Complementar de Resultados (PCR) ficaram para a pr\u00f3xima reuni\u00e3o, quando o banco se comprometeu a apresentar uma proposta.<\/p>\n<p><strong>Fonte: Contraf-CUT<\/strong><\/p>\n","protected":false},"excerpt":{"rendered":"<p>O acordo do modelo de compensa\u00e7\u00e3o do banco de horas negativas foi o grande avan\u00e7o da reuni\u00e3o entre a Comiss\u00e3o de Organiza\u00e7\u00e3o dos Empregados (COE) do Ita\u00fa e a dire\u00e7\u00e3o do banco, realizada na noite desta sexta-feira (12), por videoconfer\u00eancia. Depois do Carnaval, os sindicatos realizar\u00e3o assembleias com os trabalhadores para a aprova\u00e7\u00e3o da proposta. [&hellip;]<\/p>\n","protected":false},"author":2,"featured_media":10447,"comment_status":"","ping_status":"","sticky":false,"template":"","format":"standard","meta":{"footnotes":""},"categories":[3],"tags":[],"class_list":["post-10448","post","type-post","status-publish","format-standard","has-post-thumbnail","hentry","category-noticias"],"_links":{"self":[{"href":"https:\/\/hostnetart.com.br\/baixada\/wp-json\/wp\/v2\/posts\/10448","targetHints":{"allow":["GET"]}}],"collection":[{"href":"https:\/\/hostnetart.com.br\/baixada\/wp-json\/wp\/v2\/posts"}],"about":[{"href":"https:\/\/hostnetart.com.br\/baixada\/wp-json\/wp\/v2\/types\/post"}],"author":[{"embeddable":true,"href":"https:\/\/hostnetart.com.br\/baixada\/wp-json\/wp\/v2\/users\/2"}],"replies":[{"embeddable":true,"href":"https:\/\/hostnetart.com.br\/baixada\/wp-json\/wp\/v2\/comments?post=10448"}],"version-history":[{"count":0,"href":"https:\/\/hostnetart.com.br\/baixada\/wp-json\/wp\/v2\/posts\/10448\/revisions"}],"wp:featuredmedia":[{"embeddable":true,"href":"https:\/\/hostnetart.com.br\/baixada\/wp-json\/wp\/v2\/media\/10447"}],"wp:attachment":[{"href":"https:\/\/hostnetart.com.br\/baixada\/wp-json\/wp\/v2\/media?parent=10448"}],"wp:term":[{"taxonomy":"category","embeddable":true,"href":"https:\/\/hostnetart.com.br\/baixada\/wp-json\/wp\/v2\/categories?post=10448"},{"taxonomy":"post_tag","embeddable":true,"href":"https:\/\/hostnetart.com.br\/baixada\/wp-json\/wp\/v2\/tags?post=10448"}],"curies":[{"name":"wp","href":"https:\/\/api.w.org\/{rel}","templated":true}]}}