{"id":10442,"date":"2021-02-12T03:18:53","date_gmt":"2021-02-12T06:18:53","guid":{"rendered":"https:\/\/hostnetart.com.br\/baixada\/coe-itau-se-reune-com-a-direcao-do-banco-nesta-sexta-feira-12\/"},"modified":"2021-02-12T03:18:53","modified_gmt":"2021-02-12T06:18:53","slug":"coe-itau-se-reune-com-a-direcao-do-banco-nesta-sexta-feira-12","status":"publish","type":"post","link":"https:\/\/hostnetart.com.br\/baixada\/coe-itau-se-reune-com-a-direcao-do-banco-nesta-sexta-feira-12\/","title":{"rendered":"COE Ita\u00fa se re\u00fane com a dire\u00e7\u00e3o do banco nesta sexta-feira (12)"},"content":{"rendered":"<p>Demiss\u00f5es, banco de horas negativas e o Programa Complementar de Resultados (PCR) s\u00e3o as principais pautas da reuni\u00e3o entre a Comiss\u00e3o de Organiza\u00e7\u00e3o dos Empregados (COE) do Ita\u00fa e a dire\u00e7\u00e3o do banco, que ser\u00e1 realizada nesta sexta-feira (12), \u00e0s 17h, por videoconfer\u00eancia.<\/p>\n<p>O Ita\u00fa iniciou o ano com muitas demiss\u00f5es. Com o an\u00fancio do novo modelo de ag\u00eancias, uma grande apreens\u00e3o foi sentida na base, principalmente, na \u00e1rea de ger\u00eancia. \u201cOs dirigentes de todo o Brasil receberam muitas den\u00fancias de demiss\u00f5es. N\u00f3s vamos cobrar que o banco cesse essas demiss\u00f5es. Queremos que a realoca\u00e7\u00e3o e capacita\u00e7\u00e3o sejam prioridades para funcion\u00e1rios afetados por qualquer mudan\u00e7a nas ag\u00eancias\u201d, explicou Jair Alves, coordenador da COE Ita\u00fa.<\/p>\n<p>Em janeiro, o\u00a0<a href=\"https:\/\/contrafcut.com.br\/noticias\/sistema-de-compensacao-de-horas-volta-ao-normal-em-2021-no-itau\/?swcfpc=1\" target=\"_blank\" rel=\"noopener noreferrer\">sistema de compensa\u00e7\u00e3o voltou a ser mensal. O per\u00edodo de ac\u00famulo de horas negativas<\/a>, conhecido como banco de horas, encerrou-se em 31 de dezembro de 2020 e o saldo acumulado dever\u00e1 ser compensado at\u00e9 dezembro de 2021. A reuni\u00e3o de amanh\u00e3 come\u00e7a a definir as regras de compensa\u00e7\u00e3o.<\/p>\n<p>No caso do PCR, a reuni\u00e3o vai acertar o valor da segunda parcela. Para definir o valor consolidado \u00e9 necess\u00e1rio saber a rentabilidade do banco em 2020. Caso ela ultrapasse 23%, os banc\u00e1rios receber\u00e3o a diferen\u00e7a em mar\u00e7o.<\/p>\n<p><strong>Fonte: Contraf-CUT<\/strong><\/p>\n","protected":false},"excerpt":{"rendered":"<p>Demiss\u00f5es, banco de horas negativas e o Programa Complementar de Resultados (PCR) s\u00e3o as principais pautas da reuni\u00e3o entre a Comiss\u00e3o de Organiza\u00e7\u00e3o dos Empregados (COE) do Ita\u00fa e a dire\u00e7\u00e3o do banco, que ser\u00e1 realizada nesta sexta-feira (12), \u00e0s 17h, por videoconfer\u00eancia. O Ita\u00fa iniciou o ano com muitas demiss\u00f5es. Com o an\u00fancio do [&hellip;]<\/p>\n","protected":false},"author":2,"featured_media":10441,"comment_status":"","ping_status":"","sticky":false,"template":"","format":"standard","meta":{"footnotes":""},"categories":[3],"tags":[],"class_list":["post-10442","post","type-post","status-publish","format-standard","has-post-thumbnail","hentry","category-noticias"],"_links":{"self":[{"href":"https:\/\/hostnetart.com.br\/baixada\/wp-json\/wp\/v2\/posts\/10442","targetHints":{"allow":["GET"]}}],"collection":[{"href":"https:\/\/hostnetart.com.br\/baixada\/wp-json\/wp\/v2\/posts"}],"about":[{"href":"https:\/\/hostnetart.com.br\/baixada\/wp-json\/wp\/v2\/types\/post"}],"author":[{"embeddable":true,"href":"https:\/\/hostnetart.com.br\/baixada\/wp-json\/wp\/v2\/users\/2"}],"replies":[{"embeddable":true,"href":"https:\/\/hostnetart.com.br\/baixada\/wp-json\/wp\/v2\/comments?post=10442"}],"version-history":[{"count":0,"href":"https:\/\/hostnetart.com.br\/baixada\/wp-json\/wp\/v2\/posts\/10442\/revisions"}],"wp:featuredmedia":[{"embeddable":true,"href":"https:\/\/hostnetart.com.br\/baixada\/wp-json\/wp\/v2\/media\/10441"}],"wp:attachment":[{"href":"https:\/\/hostnetart.com.br\/baixada\/wp-json\/wp\/v2\/media?parent=10442"}],"wp:term":[{"taxonomy":"category","embeddable":true,"href":"https:\/\/hostnetart.com.br\/baixada\/wp-json\/wp\/v2\/categories?post=10442"},{"taxonomy":"post_tag","embeddable":true,"href":"https:\/\/hostnetart.com.br\/baixada\/wp-json\/wp\/v2\/tags?post=10442"}],"curies":[{"name":"wp","href":"https:\/\/api.w.org\/{rel}","templated":true}]}}